{"id":2945,"date":"2024-11-15T13:49:31","date_gmt":"2024-11-15T12:49:31","guid":{"rendered":"https:\/\/rubautarres.com\/?p=2945"},"modified":"2025-02-03T13:52:26","modified_gmt":"2025-02-03T12:52:26","slug":"reforma-del-hospital-de-blanes-y-el-nuevo-bloque-quirurgico-realizado-por-rubau-tarres","status":"publish","type":"post","link":"https:\/\/rubautarres.com\/es\/reforma-del-hospital-de-blanes-y-el-nuevo-bloque-quirurgico-realizado-por-rubau-tarres\/","title":{"rendered":"Reforma del Hospital de Blanes y el nuevo bloque quir\u00fargico realizado por Rubau Tarr\u00e9s"},"content":{"rendered":"<div>La consejera de Salud, Olga Pan\u00e9, ha visitado el nuevo bloque quir\u00fargico del Hospital Comarcal de la Selva, en Blanes, que se estren\u00f3 el pasado 21 de octubre. Acompa\u00f1ada de representantes municipales y del equipo directivo de la Corporaci\u00f3n de Salud Maresme y La Selva, ha recorrido las instalaciones, que incluyen nuevos espacios de reanimaci\u00f3n y esterilizaci\u00f3n, as\u00ed como quir\u00f3fanos para intervenciones de traumatolog\u00eda y oftalmolog\u00eda.<\/div>\n<div><\/div>\n<div>La ampliaci\u00f3n y reforma ha afectado a una superficie total de 2.038 m\u00b2, incluyendo tambi\u00e9n una renovaci\u00f3n del acceso principal, que ahora cuenta con una plaza pavimentada y una p\u00e9rgola con zona de descanso.<\/div>\n<div><\/div>\n<div>Pan\u00e9 ha destacado que los nuevos quir\u00f3fanos permitir\u00e1n reducir significativamente las listas de espera, una mejora clave para los ciudadanos de la zona. Tambi\u00e9n ha subrayado la importancia de invertir en hospitales comarcales, puesto que \u00abla gente debe tener soluciones cerca de casa para la mayor\u00eda de los problemas\u00bb. Seg\u00fan la consejera, un sistema de salud eficiente requiere que estos hospitales funcionen correctamente para evitar la saturaci\u00f3n del sistema sanitario global.<\/div>\n","protected":false},"excerpt":{"rendered":"<p>La consejera de Salud, Olga Pan\u00e9, ha visitado el nuevo bloque quir\u00fargico del Hospital Comarcal de la Selva, en Blanes, que se estren\u00f3 el pasado 21 de octubre. Acompa\u00f1ada de representantes municipales y del equipo directivo de la Corporaci\u00f3n de Salud Maresme y La Selva, ha recorrido las instalaciones, que incluyen nuevos espacios de reanimaci\u00f3n [&hellip;]<\/p>\n","protected":false},"author":5,"featured_media":2937,"comment_status":"open","ping_status":"open","sticky":false,"template":"","format":"standard","meta":{"_acf_changed":false,"_et_pb_use_builder":"","_et_pb_old_content":"","_et_gb_content_width":"","footnotes":""},"categories":[1],"tags":[],"class_list":["post-2945","post","type-post","status-publish","format-standard","has-post-thumbnail","hentry","category-sin-categorizar"],"acf":[],"yoast_head":"<!-- This site is optimized with the Yoast SEO plugin v27.5 - https:\/\/yoast.com\/product\/yoast-seo-wordpress\/ -->\n<title>Reforma del Hospital de Blanes y el nuevo bloque quir\u00fargico realizado por Rubau Tarr\u00e9s - Rubau Tarr\u00e8s<\/title>\n<meta name=\"robots\" content=\"index, follow, max-snippet:-1, max-image-preview:large, max-video-preview:-1\" \/>\n<link rel=\"canonical\" href=\"https:\/\/rubautarres.com\/es\/reforma-del-hospital-de-blanes-y-el-nuevo-bloque-quirurgico-realizado-por-rubau-tarres\/\" \/>\n<meta property=\"og:locale\" content=\"es_ES\" \/>\n<meta property=\"og:type\" content=\"article\" \/>\n<meta property=\"og:title\" content=\"Reforma del Hospital de Blanes y el nuevo bloque quir\u00fargico realizado por Rubau Tarr\u00e9s - Rubau Tarr\u00e8s\" \/>\n<meta property=\"og:description\" content=\"La consejera de Salud, Olga Pan\u00e9, ha visitado el nuevo bloque quir\u00fargico del Hospital Comarcal de la Selva, en Blanes, que se estren\u00f3 el pasado 21 de octubre. Acompa\u00f1ada de representantes municipales y del equipo directivo de la Corporaci\u00f3n de Salud Maresme y La Selva, ha recorrido las instalaciones, que incluyen nuevos espacios de reanimaci\u00f3n [&hellip;]\" \/>\n<meta property=\"og:url\" content=\"https:\/\/rubautarres.com\/es\/reforma-del-hospital-de-blanes-y-el-nuevo-bloque-quirurgico-realizado-por-rubau-tarres\/\" \/>\n<meta property=\"og:site_name\" content=\"Rubau Tarr\u00e8s\" \/>\n<meta property=\"article:publisher\" content=\"https:\/\/www.facebook.com\/RubauTarresSAU\" \/>\n<meta property=\"article:published_time\" content=\"2024-11-15T12:49:31+00:00\" \/>\n<meta property=\"article:modified_time\" content=\"2025-02-03T12:52:26+00:00\" \/>\n<meta property=\"og:image\" content=\"https:\/\/rubautarres.com\/wp-content\/uploads\/2025\/02\/Noticia_Hospital-Blanes.png\" \/>\n\t<meta property=\"og:image:width\" content=\"776\" \/>\n\t<meta property=\"og:image:height\" content=\"447\" \/>\n\t<meta property=\"og:image:type\" content=\"image\/png\" \/>\n<meta name=\"author\" content=\"Brunet Publicitat\" \/>\n<meta name=\"twitter:card\" content=\"summary_large_image\" \/>\n<meta name=\"twitter:creator\" content=\"@rubautarres\" \/>\n<meta name=\"twitter:site\" content=\"@rubautarres\" \/>\n<meta name=\"twitter:label1\" content=\"Escrito por\" \/>\n\t<meta name=\"twitter:data1\" content=\"Brunet Publicitat\" \/>\n\t<meta name=\"twitter:label2\" content=\"Tiempo de lectura\" \/>\n\t<meta name=\"twitter:data2\" content=\"2 minutos\" \/>\n<script type=\"application\/ld+json\" class=\"yoast-schema-graph\">{\"@context\":\"https:\\\/\\\/schema.org\",\"@graph\":[{\"@type\":\"Article\",\"@id\":\"https:\\\/\\\/rubautarres.com\\\/es\\\/reforma-del-hospital-de-blanes-y-el-nuevo-bloque-quirurgico-realizado-por-rubau-tarres\\\/#article\",\"isPartOf\":{\"@id\":\"https:\\\/\\\/rubautarres.com\\\/es\\\/reforma-del-hospital-de-blanes-y-el-nuevo-bloque-quirurgico-realizado-por-rubau-tarres\\\/\"},\"author\":{\"name\":\"Brunet Publicitat\",\"@id\":\"https:\\\/\\\/rubautarres.com\\\/es\\\/#\\\/schema\\\/person\\\/aeb438778eb106386697397c9e198f22\"},\"headline\":\"Reforma del Hospital de Blanes y el nuevo bloque quir\u00fargico realizado por Rubau Tarr\u00e9s\",\"datePublished\":\"2024-11-15T12:49:31+00:00\",\"dateModified\":\"2025-02-03T12:52:26+00:00\",\"mainEntityOfPage\":{\"@id\":\"https:\\\/\\\/rubautarres.com\\\/es\\\/reforma-del-hospital-de-blanes-y-el-nuevo-bloque-quirurgico-realizado-por-rubau-tarres\\\/\"},\"wordCount\":203,\"commentCount\":0,\"publisher\":{\"@id\":\"https:\\\/\\\/rubautarres.com\\\/es\\\/#organization\"},\"image\":{\"@id\":\"https:\\\/\\\/rubautarres.com\\\/es\\\/reforma-del-hospital-de-blanes-y-el-nuevo-bloque-quirurgico-realizado-por-rubau-tarres\\\/#primaryimage\"},\"thumbnailUrl\":\"https:\\\/\\\/rubautarres.com\\\/wp-content\\\/uploads\\\/2025\\\/02\\\/Noticia_Hospital-Blanes.png\",\"articleSection\":[\"Sin categorizar\"],\"inLanguage\":\"es\",\"potentialAction\":[{\"@type\":\"CommentAction\",\"name\":\"Comment\",\"target\":[\"https:\\\/\\\/rubautarres.com\\\/es\\\/reforma-del-hospital-de-blanes-y-el-nuevo-bloque-quirurgico-realizado-por-rubau-tarres\\\/#respond\"]}]},{\"@type\":\"WebPage\",\"@id\":\"https:\\\/\\\/rubautarres.com\\\/es\\\/reforma-del-hospital-de-blanes-y-el-nuevo-bloque-quirurgico-realizado-por-rubau-tarres\\\/\",\"url\":\"https:\\\/\\\/rubautarres.com\\\/es\\\/reforma-del-hospital-de-blanes-y-el-nuevo-bloque-quirurgico-realizado-por-rubau-tarres\\\/\",\"name\":\"Reforma del Hospital de Blanes y el nuevo bloque quir\u00fargico realizado por Rubau Tarr\u00e9s - Rubau Tarr\u00e8s\",\"isPartOf\":{\"@id\":\"https:\\\/\\\/rubautarres.com\\\/es\\\/#website\"},\"primaryImageOfPage\":{\"@id\":\"https:\\\/\\\/rubautarres.com\\\/es\\\/reforma-del-hospital-de-blanes-y-el-nuevo-bloque-quirurgico-realizado-por-rubau-tarres\\\/#primaryimage\"},\"image\":{\"@id\":\"https:\\\/\\\/rubautarres.com\\\/es\\\/reforma-del-hospital-de-blanes-y-el-nuevo-bloque-quirurgico-realizado-por-rubau-tarres\\\/#primaryimage\"},\"thumbnailUrl\":\"https:\\\/\\\/rubautarres.com\\\/wp-content\\\/uploads\\\/2025\\\/02\\\/Noticia_Hospital-Blanes.png\",\"datePublished\":\"2024-11-15T12:49:31+00:00\",\"dateModified\":\"2025-02-03T12:52:26+00:00\",\"breadcrumb\":{\"@id\":\"https:\\\/\\\/rubautarres.com\\\/es\\\/reforma-del-hospital-de-blanes-y-el-nuevo-bloque-quirurgico-realizado-por-rubau-tarres\\\/#breadcrumb\"},\"inLanguage\":\"es\",\"potentialAction\":[{\"@type\":\"ReadAction\",\"target\":[\"https:\\\/\\\/rubautarres.com\\\/es\\\/reforma-del-hospital-de-blanes-y-el-nuevo-bloque-quirurgico-realizado-por-rubau-tarres\\\/\"]}]},{\"@type\":\"ImageObject\",\"inLanguage\":\"es\",\"@id\":\"https:\\\/\\\/rubautarres.com\\\/es\\\/reforma-del-hospital-de-blanes-y-el-nuevo-bloque-quirurgico-realizado-por-rubau-tarres\\\/#primaryimage\",\"url\":\"https:\\\/\\\/rubautarres.com\\\/wp-content\\\/uploads\\\/2025\\\/02\\\/Noticia_Hospital-Blanes.png\",\"contentUrl\":\"https:\\\/\\\/rubautarres.com\\\/wp-content\\\/uploads\\\/2025\\\/02\\\/Noticia_Hospital-Blanes.png\",\"width\":776,\"height\":447,\"caption\":\"Reforma de l'Hospital de Blanes\"},{\"@type\":\"BreadcrumbList\",\"@id\":\"https:\\\/\\\/rubautarres.com\\\/es\\\/reforma-del-hospital-de-blanes-y-el-nuevo-bloque-quirurgico-realizado-por-rubau-tarres\\\/#breadcrumb\",\"itemListElement\":[{\"@type\":\"ListItem\",\"position\":1,\"name\":\"Portada\",\"item\":\"https:\\\/\\\/rubautarres.com\\\/es\\\/\"},{\"@type\":\"ListItem\",\"position\":2,\"name\":\"Reforma del Hospital de Blanes y el nuevo bloque quir\u00fargico realizado por Rubau Tarr\u00e9s\"}]},{\"@type\":\"WebSite\",\"@id\":\"https:\\\/\\\/rubautarres.com\\\/es\\\/#website\",\"url\":\"https:\\\/\\\/rubautarres.com\\\/es\\\/\",\"name\":\"Rubau Tarr\u00e8s\",\"description\":\"Nosaltres constru\u00efm perqu\u00e8 tu avancis\",\"publisher\":{\"@id\":\"https:\\\/\\\/rubautarres.com\\\/es\\\/#organization\"},\"potentialAction\":[{\"@type\":\"SearchAction\",\"target\":{\"@type\":\"EntryPoint\",\"urlTemplate\":\"https:\\\/\\\/rubautarres.com\\\/es\\\/?s={search_term_string}\"},\"query-input\":{\"@type\":\"PropertyValueSpecification\",\"valueRequired\":true,\"valueName\":\"search_term_string\"}}],\"inLanguage\":\"es\"},{\"@type\":\"Organization\",\"@id\":\"https:\\\/\\\/rubautarres.com\\\/es\\\/#organization\",\"name\":\"Rubau Tarr\u00e8s\",\"url\":\"https:\\\/\\\/rubautarres.com\\\/es\\\/\",\"logo\":{\"@type\":\"ImageObject\",\"inLanguage\":\"es\",\"@id\":\"https:\\\/\\\/rubautarres.com\\\/es\\\/#\\\/schema\\\/logo\\\/image\\\/\",\"url\":\"https:\\\/\\\/rubautarres.com\\\/wp-content\\\/uploads\\\/2024\\\/06\\\/logo.png\",\"contentUrl\":\"https:\\\/\\\/rubautarres.com\\\/wp-content\\\/uploads\\\/2024\\\/06\\\/logo.png\",\"width\":780,\"height\":144,\"caption\":\"Rubau Tarr\u00e8s\"},\"image\":{\"@id\":\"https:\\\/\\\/rubautarres.com\\\/es\\\/#\\\/schema\\\/logo\\\/image\\\/\"},\"sameAs\":[\"https:\\\/\\\/www.facebook.com\\\/RubauTarresSAU\",\"https:\\\/\\\/x.com\\\/rubautarres\"]},{\"@type\":\"Person\",\"@id\":\"https:\\\/\\\/rubautarres.com\\\/es\\\/#\\\/schema\\\/person\\\/aeb438778eb106386697397c9e198f22\",\"name\":\"Brunet Publicitat\",\"image\":{\"@type\":\"ImageObject\",\"inLanguage\":\"es\",\"@id\":\"https:\\\/\\\/secure.gravatar.com\\\/avatar\\\/543d9f6ea22d2f4c6aa04149a3f7284850ad1bddb4a843e6ec62dd7d6789aaa7?s=96&d=mm&r=g\",\"url\":\"https:\\\/\\\/secure.gravatar.com\\\/avatar\\\/543d9f6ea22d2f4c6aa04149a3f7284850ad1bddb4a843e6ec62dd7d6789aaa7?s=96&d=mm&r=g\",\"contentUrl\":\"https:\\\/\\\/secure.gravatar.com\\\/avatar\\\/543d9f6ea22d2f4c6aa04149a3f7284850ad1bddb4a843e6ec62dd7d6789aaa7?s=96&d=mm&r=g\",\"caption\":\"Brunet Publicitat\"}}]}<\/script>\n<!-- \/ Yoast SEO plugin. -->","yoast_head_json":{"title":"Reforma del Hospital de Blanes y el nuevo bloque quir\u00fargico realizado por Rubau Tarr\u00e9s - Rubau Tarr\u00e8s","robots":{"index":"index","follow":"follow","max-snippet":"max-snippet:-1","max-image-preview":"max-image-preview:large","max-video-preview":"max-video-preview:-1"},"canonical":"https:\/\/rubautarres.com\/es\/reforma-del-hospital-de-blanes-y-el-nuevo-bloque-quirurgico-realizado-por-rubau-tarres\/","og_locale":"es_ES","og_type":"article","og_title":"Reforma del Hospital de Blanes y el nuevo bloque quir\u00fargico realizado por Rubau Tarr\u00e9s - Rubau Tarr\u00e8s","og_description":"La consejera de Salud, Olga Pan\u00e9, ha visitado el nuevo bloque quir\u00fargico del Hospital Comarcal de la Selva, en Blanes, que se estren\u00f3 el pasado 21 de octubre. Acompa\u00f1ada de representantes municipales y del equipo directivo de la Corporaci\u00f3n de Salud Maresme y La Selva, ha recorrido las instalaciones, que incluyen nuevos espacios de reanimaci\u00f3n [&hellip;]","og_url":"https:\/\/rubautarres.com\/es\/reforma-del-hospital-de-blanes-y-el-nuevo-bloque-quirurgico-realizado-por-rubau-tarres\/","og_site_name":"Rubau Tarr\u00e8s","article_publisher":"https:\/\/www.facebook.com\/RubauTarresSAU","article_published_time":"2024-11-15T12:49:31+00:00","article_modified_time":"2025-02-03T12:52:26+00:00","og_image":[{"width":776,"height":447,"url":"https:\/\/rubautarres.com\/wp-content\/uploads\/2025\/02\/Noticia_Hospital-Blanes.png","type":"image\/png"}],"author":"Brunet Publicitat","twitter_card":"summary_large_image","twitter_creator":"@rubautarres","twitter_site":"@rubautarres","twitter_misc":{"Escrito por":"Brunet Publicitat","Tiempo de lectura":"2 minutos"},"schema":{"@context":"https:\/\/schema.org","@graph":[{"@type":"Article","@id":"https:\/\/rubautarres.com\/es\/reforma-del-hospital-de-blanes-y-el-nuevo-bloque-quirurgico-realizado-por-rubau-tarres\/#article","isPartOf":{"@id":"https:\/\/rubautarres.com\/es\/reforma-del-hospital-de-blanes-y-el-nuevo-bloque-quirurgico-realizado-por-rubau-tarres\/"},"author":{"name":"Brunet Publicitat","@id":"https:\/\/rubautarres.com\/es\/#\/schema\/person\/aeb438778eb106386697397c9e198f22"},"headline":"Reforma del Hospital de Blanes y el nuevo bloque quir\u00fargico realizado por Rubau Tarr\u00e9s","datePublished":"2024-11-15T12:49:31+00:00","dateModified":"2025-02-03T12:52:26+00:00","mainEntityOfPage":{"@id":"https:\/\/rubautarres.com\/es\/reforma-del-hospital-de-blanes-y-el-nuevo-bloque-quirurgico-realizado-por-rubau-tarres\/"},"wordCount":203,"commentCount":0,"publisher":{"@id":"https:\/\/rubautarres.com\/es\/#organization"},"image":{"@id":"https:\/\/rubautarres.com\/es\/reforma-del-hospital-de-blanes-y-el-nuevo-bloque-quirurgico-realizado-por-rubau-tarres\/#primaryimage"},"thumbnailUrl":"https:\/\/rubautarres.com\/wp-content\/uploads\/2025\/02\/Noticia_Hospital-Blanes.png","articleSection":["Sin categorizar"],"inLanguage":"es","potentialAction":[{"@type":"CommentAction","name":"Comment","target":["https:\/\/rubautarres.com\/es\/reforma-del-hospital-de-blanes-y-el-nuevo-bloque-quirurgico-realizado-por-rubau-tarres\/#respond"]}]},{"@type":"WebPage","@id":"https:\/\/rubautarres.com\/es\/reforma-del-hospital-de-blanes-y-el-nuevo-bloque-quirurgico-realizado-por-rubau-tarres\/","url":"https:\/\/rubautarres.com\/es\/reforma-del-hospital-de-blanes-y-el-nuevo-bloque-quirurgico-realizado-por-rubau-tarres\/","name":"Reforma del Hospital de Blanes y el nuevo bloque quir\u00fargico realizado por Rubau Tarr\u00e9s - Rubau Tarr\u00e8s","isPartOf":{"@id":"https:\/\/rubautarres.com\/es\/#website"},"primaryImageOfPage":{"@id":"https:\/\/rubautarres.com\/es\/reforma-del-hospital-de-blanes-y-el-nuevo-bloque-quirurgico-realizado-por-rubau-tarres\/#primaryimage"},"image":{"@id":"https:\/\/rubautarres.com\/es\/reforma-del-hospital-de-blanes-y-el-nuevo-bloque-quirurgico-realizado-por-rubau-tarres\/#primaryimage"},"thumbnailUrl":"https:\/\/rubautarres.com\/wp-content\/uploads\/2025\/02\/Noticia_Hospital-Blanes.png","datePublished":"2024-11-15T12:49:31+00:00","dateModified":"2025-02-03T12:52:26+00:00","breadcrumb":{"@id":"https:\/\/rubautarres.com\/es\/reforma-del-hospital-de-blanes-y-el-nuevo-bloque-quirurgico-realizado-por-rubau-tarres\/#breadcrumb"},"inLanguage":"es","potentialAction":[{"@type":"ReadAction","target":["https:\/\/rubautarres.com\/es\/reforma-del-hospital-de-blanes-y-el-nuevo-bloque-quirurgico-realizado-por-rubau-tarres\/"]}]},{"@type":"ImageObject","inLanguage":"es","@id":"https:\/\/rubautarres.com\/es\/reforma-del-hospital-de-blanes-y-el-nuevo-bloque-quirurgico-realizado-por-rubau-tarres\/#primaryimage","url":"https:\/\/rubautarres.com\/wp-content\/uploads\/2025\/02\/Noticia_Hospital-Blanes.png","contentUrl":"https:\/\/rubautarres.com\/wp-content\/uploads\/2025\/02\/Noticia_Hospital-Blanes.png","width":776,"height":447,"caption":"Reforma de l'Hospital de Blanes"},{"@type":"BreadcrumbList","@id":"https:\/\/rubautarres.com\/es\/reforma-del-hospital-de-blanes-y-el-nuevo-bloque-quirurgico-realizado-por-rubau-tarres\/#breadcrumb","itemListElement":[{"@type":"ListItem","position":1,"name":"Portada","item":"https:\/\/rubautarres.com\/es\/"},{"@type":"ListItem","position":2,"name":"Reforma del Hospital de Blanes y el nuevo bloque quir\u00fargico realizado por Rubau Tarr\u00e9s"}]},{"@type":"WebSite","@id":"https:\/\/rubautarres.com\/es\/#website","url":"https:\/\/rubautarres.com\/es\/","name":"Rubau Tarr\u00e8s","description":"Nosaltres constru\u00efm perqu\u00e8 tu avancis","publisher":{"@id":"https:\/\/rubautarres.com\/es\/#organization"},"potentialAction":[{"@type":"SearchAction","target":{"@type":"EntryPoint","urlTemplate":"https:\/\/rubautarres.com\/es\/?s={search_term_string}"},"query-input":{"@type":"PropertyValueSpecification","valueRequired":true,"valueName":"search_term_string"}}],"inLanguage":"es"},{"@type":"Organization","@id":"https:\/\/rubautarres.com\/es\/#organization","name":"Rubau Tarr\u00e8s","url":"https:\/\/rubautarres.com\/es\/","logo":{"@type":"ImageObject","inLanguage":"es","@id":"https:\/\/rubautarres.com\/es\/#\/schema\/logo\/image\/","url":"https:\/\/rubautarres.com\/wp-content\/uploads\/2024\/06\/logo.png","contentUrl":"https:\/\/rubautarres.com\/wp-content\/uploads\/2024\/06\/logo.png","width":780,"height":144,"caption":"Rubau Tarr\u00e8s"},"image":{"@id":"https:\/\/rubautarres.com\/es\/#\/schema\/logo\/image\/"},"sameAs":["https:\/\/www.facebook.com\/RubauTarresSAU","https:\/\/x.com\/rubautarres"]},{"@type":"Person","@id":"https:\/\/rubautarres.com\/es\/#\/schema\/person\/aeb438778eb106386697397c9e198f22","name":"Brunet Publicitat","image":{"@type":"ImageObject","inLanguage":"es","@id":"https:\/\/secure.gravatar.com\/avatar\/543d9f6ea22d2f4c6aa04149a3f7284850ad1bddb4a843e6ec62dd7d6789aaa7?s=96&d=mm&r=g","url":"https:\/\/secure.gravatar.com\/avatar\/543d9f6ea22d2f4c6aa04149a3f7284850ad1bddb4a843e6ec62dd7d6789aaa7?s=96&d=mm&r=g","contentUrl":"https:\/\/secure.gravatar.com\/avatar\/543d9f6ea22d2f4c6aa04149a3f7284850ad1bddb4a843e6ec62dd7d6789aaa7?s=96&d=mm&r=g","caption":"Brunet Publicitat"}}]}},"_links":{"self":[{"href":"https:\/\/rubautarres.com\/es\/wp-json\/wp\/v2\/posts\/2945","targetHints":{"allow":["GET"]}}],"collection":[{"href":"https:\/\/rubautarres.com\/es\/wp-json\/wp\/v2\/posts"}],"about":[{"href":"https:\/\/rubautarres.com\/es\/wp-json\/wp\/v2\/types\/post"}],"author":[{"embeddable":true,"href":"https:\/\/rubautarres.com\/es\/wp-json\/wp\/v2\/users\/5"}],"replies":[{"embeddable":true,"href":"https:\/\/rubautarres.com\/es\/wp-json\/wp\/v2\/comments?post=2945"}],"version-history":[{"count":2,"href":"https:\/\/rubautarres.com\/es\/wp-json\/wp\/v2\/posts\/2945\/revisions"}],"predecessor-version":[{"id":2948,"href":"https:\/\/rubautarres.com\/es\/wp-json\/wp\/v2\/posts\/2945\/revisions\/2948"}],"wp:featuredmedia":[{"embeddable":true,"href":"https:\/\/rubautarres.com\/es\/wp-json\/wp\/v2\/media\/2937"}],"wp:attachment":[{"href":"https:\/\/rubautarres.com\/es\/wp-json\/wp\/v2\/media?parent=2945"}],"wp:term":[{"taxonomy":"category","embeddable":true,"href":"https:\/\/rubautarres.com\/es\/wp-json\/wp\/v2\/categories?post=2945"},{"taxonomy":"post_tag","embeddable":true,"href":"https:\/\/rubautarres.com\/es\/wp-json\/wp\/v2\/tags?post=2945"}],"curies":[{"name":"wp","href":"https:\/\/api.w.org\/{rel}","templated":true}]}}