{"id":3518,"date":"2025-03-27T09:29:46","date_gmt":"2025-03-27T08:29:46","guid":{"rendered":"https:\/\/rubautarres.com\/?p=3518"},"modified":"2025-03-27T09:32:27","modified_gmt":"2025-03-27T08:32:27","slug":"nuevo-ascensor-marina-palamos","status":"publish","type":"post","link":"https:\/\/rubautarres.com\/es\/nuevo-ascensor-marina-palamos\/","title":{"rendered":"Marina Palam\u00f3s inaugura su nuevo ascensor panor\u00e1mico para mejorar la accesibilidad"},"content":{"rendered":"<p>[et_pb_section fb_built=\u00bb1&#8243; admin_label=\u00bbsection\u00bb _builder_version=\u00bb4.16&#8243; global_colors_info=\u00bb{}\u00bb][et_pb_row admin_label=\u00bbrow\u00bb _builder_version=\u00bb4.16&#8243; background_size=\u00bbinitial\u00bb background_position=\u00bbtop_left\u00bb background_repeat=\u00bbrepeat\u00bb global_colors_info=\u00bb{}\u00bb][et_pb_column type=\u00bb4_4&#8243; _builder_version=\u00bb4.16&#8243; custom_padding=\u00bb|||\u00bb global_colors_info=\u00bb{}\u00bb custom_padding__hover=\u00bb|||\u00bb][et_pb_text _builder_version=\u00bb4.27.4&#8243; _module_preset=\u00bbdefault\u00bb global_colors_info=\u00bb{}\u00bb]El pasado s\u00e1bado 8 de marzo, Marina Palam\u00f3s celebr\u00f3 la inauguraci\u00f3n y puesta en servicio de su nuevo ascensor panor\u00e1mico, una infraestructura dise\u00f1ada para mejorar la accesibilidad entre el puerto y el centro hist\u00f3rico de Palam\u00f3s. Este proyecto forma parte del compromiso de la entidad con la integraci\u00f3n del puerto y la ciudad.<\/p>\n<p>El acto estuvo presidido por la Hble. Sra. S\u00edlvia Paneque, consejera de Territorio, Vivienda y Transici\u00f3n Ecol\u00f3gica, acompa\u00f1ada por el alcalde de Palam\u00f3s, el Sr. Llu\u00eds Puig. Tambi\u00e9n participaron el presidente de Marina Palam\u00f3s, el Sr. Luis Conde, y su consejero delegado, el Sr. Germ\u00e1n Castej\u00f3n, as\u00ed como el secretario de Infraestructuras y presidente de Puertos de la Generalitat, el Sr. Manel Nadal, y el responsable de la zona portuaria norte, el Sr. Joan Pere Darbra.<\/p>\n<p>Durante la jornada, el equipo de direcci\u00f3n del puerto gui\u00f3 a los asistentes en un recorrido por las instalaciones, explicando la visi\u00f3n estrat\u00e9gica de su gesti\u00f3n y las iniciativas en marcha para fomentar la transici\u00f3n energ\u00e9tica, la gesti\u00f3n sostenible del agua y la promoci\u00f3n de la biodiversidad marina.<\/p>\n<p>La construcci\u00f3n del ascensor ha sido financiada por Marina Palam\u00f3s dentro de su plan de integraci\u00f3n puerto-municipio, alineado con el programa Horizonte 2030 de Puertos de Catalu\u00f1a. Esta infraestructura, de acceso p\u00fablico, funcionar\u00e1 en horario de 07:00 a 22:00 entre septiembre y mayo, mientras que en los meses de junio a agosto ampliar\u00e1 su servicio hasta las 02:00 h.<\/p>\n<p>Con esta iniciativa, Marina Palam\u00f3s reafirma su compromiso con la mejora de la movilidad y el desarrollo sostenible de la zona portuaria, beneficiando tanto a residentes como a visitantes.[\/et_pb_text][\/et_pb_column][\/et_pb_row][\/et_pb_section][et_pb_section fb_built=\u00bb1&#8243; _builder_version=\u00bb4.27.4&#8243; _module_preset=\u00bbdefault\u00bb global_colors_info=\u00bb{}\u00bb][et_pb_row _builder_version=\u00bb4.27.4&#8243; _module_preset=\u00bbdefault\u00bb global_colors_info=\u00bb{}\u00bb][et_pb_column type=\u00bb4_4&#8243; _builder_version=\u00bb4.27.4&#8243; _module_preset=\u00bbdefault\u00bb global_colors_info=\u00bb{}\u00bb][et_pb_gallery gallery_ids=\u00bb3522,3521,3525,3531,3527&#8243; posts_number=\u00bb5&#8243; _builder_version=\u00bb4.27.4&#8243; _module_preset=\u00bbdefault\u00bb hover_enabled=\u00bb0&#8243; global_colors_info=\u00bb{}\u00bb sticky_enabled=\u00bb0&#8243;][\/et_pb_gallery][\/et_pb_column][\/et_pb_row][\/et_pb_section]<\/p>\n","protected":false},"excerpt":{"rendered":"<p>El pasado s\u00e1bado 8 de marzo, Marina Palam\u00f3s celebr\u00f3 la inauguraci\u00f3n y puesta en servicio de su nuevo ascensor panor\u00e1mico, una infraestructura dise\u00f1ada para mejorar la accesibilidad entre el puerto y el centro hist\u00f3rico de Palam\u00f3s. Este proyecto forma parte del compromiso de la entidad con la integraci\u00f3n del puerto y la ciudad. El acto estuvo presidido por la Hble. Sra. S\u00edlvia Paneque, consejera de Territorio, Vivienda y Transici\u00f3n Ecol\u00f3gica, acompa\u00f1ada por el alcalde de Palam\u00f3s, el Sr. Llu\u00eds Puig. Tambi\u00e9n participaron el presidente de Marina Palam\u00f3s, el Sr. Luis Conde, y su consejero delegado, el Sr. Germ\u00e1n Castej\u00f3n, as\u00ed como el secretario de Infraestructuras y presidente de Puertos de la Generalitat, el Sr. Manel Nadal, y el responsable de la zona portuaria norte, el Sr. Joan Pere Darbra. Durante la jornada, el equipo de direcci\u00f3n del puerto gui\u00f3 a los asistentes en un recorrido por las instalaciones, explicando la visi\u00f3n estrat\u00e9gica de su gesti\u00f3n y las iniciativas en marcha para fomentar la transici\u00f3n energ\u00e9tica, la gesti\u00f3n sostenible del agua y la promoci\u00f3n de la biodiversidad marina. La construcci\u00f3n del ascensor ha sido financiada por Marina Palam\u00f3s dentro de su plan de integraci\u00f3n puerto-municipio, alineado con el programa Horizonte 2030 [&hellip;]<\/p>\n","protected":false},"author":5,"featured_media":3534,"comment_status":"open","ping_status":"open","sticky":false,"template":"","format":"standard","meta":{"_acf_changed":false,"_et_pb_use_builder":"on","_et_pb_old_content":"","_et_gb_content_width":"","footnotes":""},"categories":[1],"tags":[],"class_list":["post-3518","post","type-post","status-publish","format-standard","has-post-thumbnail","hentry","category-sin-categorizar"],"acf":[],"yoast_head":"<!-- This site is optimized with the Yoast SEO plugin v27.4 - https:\/\/yoast.com\/product\/yoast-seo-wordpress\/ -->\n<title>Nuevo ascensor panor\u00e1mico en Marina Palam\u00f3s<\/title>\n<meta name=\"description\" content=\"Marina Palam\u00f3s inaugura un ascensor panor\u00e1mico para mejorar la accesibilidad entre el puerto y el centro hist\u00f3rico de Palam\u00f3s.\" \/>\n<meta name=\"robots\" content=\"index, follow, max-snippet:-1, max-image-preview:large, max-video-preview:-1\" \/>\n<link rel=\"canonical\" href=\"https:\/\/rubautarres.com\/es\/nuevo-ascensor-marina-palamos\/\" \/>\n<meta property=\"og:locale\" content=\"es_ES\" \/>\n<meta property=\"og:type\" content=\"article\" \/>\n<meta property=\"og:title\" content=\"Nuevo ascensor panor\u00e1mico en Marina Palam\u00f3s\" \/>\n<meta property=\"og:description\" content=\"Marina Palam\u00f3s inaugura un ascensor panor\u00e1mico para mejorar la accesibilidad entre el puerto y el centro hist\u00f3rico de Palam\u00f3s.\" \/>\n<meta property=\"og:url\" content=\"https:\/\/rubautarres.com\/es\/nuevo-ascensor-marina-palamos\/\" \/>\n<meta property=\"og:site_name\" content=\"Rubau Tarr\u00e8s\" \/>\n<meta property=\"article:publisher\" content=\"https:\/\/www.facebook.com\/RubauTarresSAU\" \/>\n<meta property=\"article:published_time\" content=\"2025-03-27T08:29:46+00:00\" \/>\n<meta property=\"article:modified_time\" content=\"2025-03-27T08:32:27+00:00\" \/>\n<meta property=\"og:image\" content=\"https:\/\/rubautarres.com\/wp-content\/uploads\/2025\/03\/1741686867047-portada.jpg\" \/>\n\t<meta property=\"og:image:width\" content=\"1000\" \/>\n\t<meta property=\"og:image:height\" content=\"750\" \/>\n\t<meta property=\"og:image:type\" content=\"image\/jpeg\" \/>\n<meta name=\"author\" content=\"Brunet Publicitat\" \/>\n<meta name=\"twitter:card\" content=\"summary_large_image\" \/>\n<meta name=\"twitter:creator\" content=\"@rubautarres\" \/>\n<meta name=\"twitter:site\" content=\"@rubautarres\" \/>\n<meta name=\"twitter:label1\" content=\"Escrito por\" \/>\n\t<meta name=\"twitter:data1\" content=\"Brunet Publicitat\" \/>\n\t<meta name=\"twitter:label2\" content=\"Tiempo de lectura\" \/>\n\t<meta name=\"twitter:data2\" content=\"3 minutos\" \/>\n<script type=\"application\/ld+json\" class=\"yoast-schema-graph\">{\"@context\":\"https:\\\/\\\/schema.org\",\"@graph\":[{\"@type\":\"Article\",\"@id\":\"https:\\\/\\\/rubautarres.com\\\/es\\\/nuevo-ascensor-marina-palamos\\\/#article\",\"isPartOf\":{\"@id\":\"https:\\\/\\\/rubautarres.com\\\/es\\\/nuevo-ascensor-marina-palamos\\\/\"},\"author\":{\"name\":\"Brunet Publicitat\",\"@id\":\"https:\\\/\\\/rubautarres.com\\\/es\\\/#\\\/schema\\\/person\\\/aeb438778eb106386697397c9e198f22\"},\"headline\":\"Marina Palam\u00f3s inaugura su nuevo ascensor panor\u00e1mico para mejorar la accesibilidad\",\"datePublished\":\"2025-03-27T08:29:46+00:00\",\"dateModified\":\"2025-03-27T08:32:27+00:00\",\"mainEntityOfPage\":{\"@id\":\"https:\\\/\\\/rubautarres.com\\\/es\\\/nuevo-ascensor-marina-palamos\\\/\"},\"wordCount\":443,\"commentCount\":0,\"publisher\":{\"@id\":\"https:\\\/\\\/rubautarres.com\\\/es\\\/#organization\"},\"image\":{\"@id\":\"https:\\\/\\\/rubautarres.com\\\/es\\\/nuevo-ascensor-marina-palamos\\\/#primaryimage\"},\"thumbnailUrl\":\"https:\\\/\\\/rubautarres.com\\\/wp-content\\\/uploads\\\/2025\\\/03\\\/1741686867047-portada.jpg\",\"articleSection\":[\"Sin categorizar\"],\"inLanguage\":\"es\",\"potentialAction\":[{\"@type\":\"CommentAction\",\"name\":\"Comment\",\"target\":[\"https:\\\/\\\/rubautarres.com\\\/es\\\/nuevo-ascensor-marina-palamos\\\/#respond\"]}]},{\"@type\":\"WebPage\",\"@id\":\"https:\\\/\\\/rubautarres.com\\\/es\\\/nuevo-ascensor-marina-palamos\\\/\",\"url\":\"https:\\\/\\\/rubautarres.com\\\/es\\\/nuevo-ascensor-marina-palamos\\\/\",\"name\":\"Nuevo ascensor panor\u00e1mico en Marina Palam\u00f3s\",\"isPartOf\":{\"@id\":\"https:\\\/\\\/rubautarres.com\\\/es\\\/#website\"},\"primaryImageOfPage\":{\"@id\":\"https:\\\/\\\/rubautarres.com\\\/es\\\/nuevo-ascensor-marina-palamos\\\/#primaryimage\"},\"image\":{\"@id\":\"https:\\\/\\\/rubautarres.com\\\/es\\\/nuevo-ascensor-marina-palamos\\\/#primaryimage\"},\"thumbnailUrl\":\"https:\\\/\\\/rubautarres.com\\\/wp-content\\\/uploads\\\/2025\\\/03\\\/1741686867047-portada.jpg\",\"datePublished\":\"2025-03-27T08:29:46+00:00\",\"dateModified\":\"2025-03-27T08:32:27+00:00\",\"description\":\"Marina Palam\u00f3s inaugura un ascensor panor\u00e1mico para mejorar la accesibilidad entre el puerto y el centro hist\u00f3rico de Palam\u00f3s.\",\"breadcrumb\":{\"@id\":\"https:\\\/\\\/rubautarres.com\\\/es\\\/nuevo-ascensor-marina-palamos\\\/#breadcrumb\"},\"inLanguage\":\"es\",\"potentialAction\":[{\"@type\":\"ReadAction\",\"target\":[\"https:\\\/\\\/rubautarres.com\\\/es\\\/nuevo-ascensor-marina-palamos\\\/\"]}]},{\"@type\":\"ImageObject\",\"inLanguage\":\"es\",\"@id\":\"https:\\\/\\\/rubautarres.com\\\/es\\\/nuevo-ascensor-marina-palamos\\\/#primaryimage\",\"url\":\"https:\\\/\\\/rubautarres.com\\\/wp-content\\\/uploads\\\/2025\\\/03\\\/1741686867047-portada.jpg\",\"contentUrl\":\"https:\\\/\\\/rubautarres.com\\\/wp-content\\\/uploads\\\/2025\\\/03\\\/1741686867047-portada.jpg\",\"width\":1000,\"height\":750,\"caption\":\"Inauguraci\u00f3n ascensor\"},{\"@type\":\"BreadcrumbList\",\"@id\":\"https:\\\/\\\/rubautarres.com\\\/es\\\/nuevo-ascensor-marina-palamos\\\/#breadcrumb\",\"itemListElement\":[{\"@type\":\"ListItem\",\"position\":1,\"name\":\"Portada\",\"item\":\"https:\\\/\\\/rubautarres.com\\\/es\\\/\"},{\"@type\":\"ListItem\",\"position\":2,\"name\":\"Marina Palam\u00f3s inaugura su nuevo ascensor panor\u00e1mico para mejorar la accesibilidad\"}]},{\"@type\":\"WebSite\",\"@id\":\"https:\\\/\\\/rubautarres.com\\\/es\\\/#website\",\"url\":\"https:\\\/\\\/rubautarres.com\\\/es\\\/\",\"name\":\"Rubau Tarr\u00e8s\",\"description\":\"Nosaltres constru\u00efm perqu\u00e8 tu avancis\",\"publisher\":{\"@id\":\"https:\\\/\\\/rubautarres.com\\\/es\\\/#organization\"},\"potentialAction\":[{\"@type\":\"SearchAction\",\"target\":{\"@type\":\"EntryPoint\",\"urlTemplate\":\"https:\\\/\\\/rubautarres.com\\\/es\\\/?s={search_term_string}\"},\"query-input\":{\"@type\":\"PropertyValueSpecification\",\"valueRequired\":true,\"valueName\":\"search_term_string\"}}],\"inLanguage\":\"es\"},{\"@type\":\"Organization\",\"@id\":\"https:\\\/\\\/rubautarres.com\\\/es\\\/#organization\",\"name\":\"Rubau Tarr\u00e8s\",\"url\":\"https:\\\/\\\/rubautarres.com\\\/es\\\/\",\"logo\":{\"@type\":\"ImageObject\",\"inLanguage\":\"es\",\"@id\":\"https:\\\/\\\/rubautarres.com\\\/es\\\/#\\\/schema\\\/logo\\\/image\\\/\",\"url\":\"https:\\\/\\\/rubautarres.com\\\/wp-content\\\/uploads\\\/2024\\\/06\\\/logo.png\",\"contentUrl\":\"https:\\\/\\\/rubautarres.com\\\/wp-content\\\/uploads\\\/2024\\\/06\\\/logo.png\",\"width\":780,\"height\":144,\"caption\":\"Rubau Tarr\u00e8s\"},\"image\":{\"@id\":\"https:\\\/\\\/rubautarres.com\\\/es\\\/#\\\/schema\\\/logo\\\/image\\\/\"},\"sameAs\":[\"https:\\\/\\\/www.facebook.com\\\/RubauTarresSAU\",\"https:\\\/\\\/x.com\\\/rubautarres\"]},{\"@type\":\"Person\",\"@id\":\"https:\\\/\\\/rubautarres.com\\\/es\\\/#\\\/schema\\\/person\\\/aeb438778eb106386697397c9e198f22\",\"name\":\"Brunet Publicitat\",\"image\":{\"@type\":\"ImageObject\",\"inLanguage\":\"es\",\"@id\":\"https:\\\/\\\/secure.gravatar.com\\\/avatar\\\/543d9f6ea22d2f4c6aa04149a3f7284850ad1bddb4a843e6ec62dd7d6789aaa7?s=96&d=mm&r=g\",\"url\":\"https:\\\/\\\/secure.gravatar.com\\\/avatar\\\/543d9f6ea22d2f4c6aa04149a3f7284850ad1bddb4a843e6ec62dd7d6789aaa7?s=96&d=mm&r=g\",\"contentUrl\":\"https:\\\/\\\/secure.gravatar.com\\\/avatar\\\/543d9f6ea22d2f4c6aa04149a3f7284850ad1bddb4a843e6ec62dd7d6789aaa7?s=96&d=mm&r=g\",\"caption\":\"Brunet Publicitat\"}}]}<\/script>\n<!-- \/ Yoast SEO plugin. -->","yoast_head_json":{"title":"Nuevo ascensor panor\u00e1mico en Marina Palam\u00f3s","description":"Marina Palam\u00f3s inaugura un ascensor panor\u00e1mico para mejorar la accesibilidad entre el puerto y el centro hist\u00f3rico de Palam\u00f3s.","robots":{"index":"index","follow":"follow","max-snippet":"max-snippet:-1","max-image-preview":"max-image-preview:large","max-video-preview":"max-video-preview:-1"},"canonical":"https:\/\/rubautarres.com\/es\/nuevo-ascensor-marina-palamos\/","og_locale":"es_ES","og_type":"article","og_title":"Nuevo ascensor panor\u00e1mico en Marina Palam\u00f3s","og_description":"Marina Palam\u00f3s inaugura un ascensor panor\u00e1mico para mejorar la accesibilidad entre el puerto y el centro hist\u00f3rico de Palam\u00f3s.","og_url":"https:\/\/rubautarres.com\/es\/nuevo-ascensor-marina-palamos\/","og_site_name":"Rubau Tarr\u00e8s","article_publisher":"https:\/\/www.facebook.com\/RubauTarresSAU","article_published_time":"2025-03-27T08:29:46+00:00","article_modified_time":"2025-03-27T08:32:27+00:00","og_image":[{"width":1000,"height":750,"url":"https:\/\/rubautarres.com\/wp-content\/uploads\/2025\/03\/1741686867047-portada.jpg","type":"image\/jpeg"}],"author":"Brunet Publicitat","twitter_card":"summary_large_image","twitter_creator":"@rubautarres","twitter_site":"@rubautarres","twitter_misc":{"Escrito por":"Brunet Publicitat","Tiempo de lectura":"3 minutos"},"schema":{"@context":"https:\/\/schema.org","@graph":[{"@type":"Article","@id":"https:\/\/rubautarres.com\/es\/nuevo-ascensor-marina-palamos\/#article","isPartOf":{"@id":"https:\/\/rubautarres.com\/es\/nuevo-ascensor-marina-palamos\/"},"author":{"name":"Brunet Publicitat","@id":"https:\/\/rubautarres.com\/es\/#\/schema\/person\/aeb438778eb106386697397c9e198f22"},"headline":"Marina Palam\u00f3s inaugura su nuevo ascensor panor\u00e1mico para mejorar la accesibilidad","datePublished":"2025-03-27T08:29:46+00:00","dateModified":"2025-03-27T08:32:27+00:00","mainEntityOfPage":{"@id":"https:\/\/rubautarres.com\/es\/nuevo-ascensor-marina-palamos\/"},"wordCount":443,"commentCount":0,"publisher":{"@id":"https:\/\/rubautarres.com\/es\/#organization"},"image":{"@id":"https:\/\/rubautarres.com\/es\/nuevo-ascensor-marina-palamos\/#primaryimage"},"thumbnailUrl":"https:\/\/rubautarres.com\/wp-content\/uploads\/2025\/03\/1741686867047-portada.jpg","articleSection":["Sin categorizar"],"inLanguage":"es","potentialAction":[{"@type":"CommentAction","name":"Comment","target":["https:\/\/rubautarres.com\/es\/nuevo-ascensor-marina-palamos\/#respond"]}]},{"@type":"WebPage","@id":"https:\/\/rubautarres.com\/es\/nuevo-ascensor-marina-palamos\/","url":"https:\/\/rubautarres.com\/es\/nuevo-ascensor-marina-palamos\/","name":"Nuevo ascensor panor\u00e1mico en Marina Palam\u00f3s","isPartOf":{"@id":"https:\/\/rubautarres.com\/es\/#website"},"primaryImageOfPage":{"@id":"https:\/\/rubautarres.com\/es\/nuevo-ascensor-marina-palamos\/#primaryimage"},"image":{"@id":"https:\/\/rubautarres.com\/es\/nuevo-ascensor-marina-palamos\/#primaryimage"},"thumbnailUrl":"https:\/\/rubautarres.com\/wp-content\/uploads\/2025\/03\/1741686867047-portada.jpg","datePublished":"2025-03-27T08:29:46+00:00","dateModified":"2025-03-27T08:32:27+00:00","description":"Marina Palam\u00f3s inaugura un ascensor panor\u00e1mico para mejorar la accesibilidad entre el puerto y el centro hist\u00f3rico de Palam\u00f3s.","breadcrumb":{"@id":"https:\/\/rubautarres.com\/es\/nuevo-ascensor-marina-palamos\/#breadcrumb"},"inLanguage":"es","potentialAction":[{"@type":"ReadAction","target":["https:\/\/rubautarres.com\/es\/nuevo-ascensor-marina-palamos\/"]}]},{"@type":"ImageObject","inLanguage":"es","@id":"https:\/\/rubautarres.com\/es\/nuevo-ascensor-marina-palamos\/#primaryimage","url":"https:\/\/rubautarres.com\/wp-content\/uploads\/2025\/03\/1741686867047-portada.jpg","contentUrl":"https:\/\/rubautarres.com\/wp-content\/uploads\/2025\/03\/1741686867047-portada.jpg","width":1000,"height":750,"caption":"Inauguraci\u00f3n ascensor"},{"@type":"BreadcrumbList","@id":"https:\/\/rubautarres.com\/es\/nuevo-ascensor-marina-palamos\/#breadcrumb","itemListElement":[{"@type":"ListItem","position":1,"name":"Portada","item":"https:\/\/rubautarres.com\/es\/"},{"@type":"ListItem","position":2,"name":"Marina Palam\u00f3s inaugura su nuevo ascensor panor\u00e1mico para mejorar la accesibilidad"}]},{"@type":"WebSite","@id":"https:\/\/rubautarres.com\/es\/#website","url":"https:\/\/rubautarres.com\/es\/","name":"Rubau Tarr\u00e8s","description":"Nosaltres constru\u00efm perqu\u00e8 tu avancis","publisher":{"@id":"https:\/\/rubautarres.com\/es\/#organization"},"potentialAction":[{"@type":"SearchAction","target":{"@type":"EntryPoint","urlTemplate":"https:\/\/rubautarres.com\/es\/?s={search_term_string}"},"query-input":{"@type":"PropertyValueSpecification","valueRequired":true,"valueName":"search_term_string"}}],"inLanguage":"es"},{"@type":"Organization","@id":"https:\/\/rubautarres.com\/es\/#organization","name":"Rubau Tarr\u00e8s","url":"https:\/\/rubautarres.com\/es\/","logo":{"@type":"ImageObject","inLanguage":"es","@id":"https:\/\/rubautarres.com\/es\/#\/schema\/logo\/image\/","url":"https:\/\/rubautarres.com\/wp-content\/uploads\/2024\/06\/logo.png","contentUrl":"https:\/\/rubautarres.com\/wp-content\/uploads\/2024\/06\/logo.png","width":780,"height":144,"caption":"Rubau Tarr\u00e8s"},"image":{"@id":"https:\/\/rubautarres.com\/es\/#\/schema\/logo\/image\/"},"sameAs":["https:\/\/www.facebook.com\/RubauTarresSAU","https:\/\/x.com\/rubautarres"]},{"@type":"Person","@id":"https:\/\/rubautarres.com\/es\/#\/schema\/person\/aeb438778eb106386697397c9e198f22","name":"Brunet Publicitat","image":{"@type":"ImageObject","inLanguage":"es","@id":"https:\/\/secure.gravatar.com\/avatar\/543d9f6ea22d2f4c6aa04149a3f7284850ad1bddb4a843e6ec62dd7d6789aaa7?s=96&d=mm&r=g","url":"https:\/\/secure.gravatar.com\/avatar\/543d9f6ea22d2f4c6aa04149a3f7284850ad1bddb4a843e6ec62dd7d6789aaa7?s=96&d=mm&r=g","contentUrl":"https:\/\/secure.gravatar.com\/avatar\/543d9f6ea22d2f4c6aa04149a3f7284850ad1bddb4a843e6ec62dd7d6789aaa7?s=96&d=mm&r=g","caption":"Brunet Publicitat"}}]}},"_links":{"self":[{"href":"https:\/\/rubautarres.com\/es\/wp-json\/wp\/v2\/posts\/3518","targetHints":{"allow":["GET"]}}],"collection":[{"href":"https:\/\/rubautarres.com\/es\/wp-json\/wp\/v2\/posts"}],"about":[{"href":"https:\/\/rubautarres.com\/es\/wp-json\/wp\/v2\/types\/post"}],"author":[{"embeddable":true,"href":"https:\/\/rubautarres.com\/es\/wp-json\/wp\/v2\/users\/5"}],"replies":[{"embeddable":true,"href":"https:\/\/rubautarres.com\/es\/wp-json\/wp\/v2\/comments?post=3518"}],"version-history":[{"count":4,"href":"https:\/\/rubautarres.com\/es\/wp-json\/wp\/v2\/posts\/3518\/revisions"}],"predecessor-version":[{"id":3540,"href":"https:\/\/rubautarres.com\/es\/wp-json\/wp\/v2\/posts\/3518\/revisions\/3540"}],"wp:featuredmedia":[{"embeddable":true,"href":"https:\/\/rubautarres.com\/es\/wp-json\/wp\/v2\/media\/3534"}],"wp:attachment":[{"href":"https:\/\/rubautarres.com\/es\/wp-json\/wp\/v2\/media?parent=3518"}],"wp:term":[{"taxonomy":"category","embeddable":true,"href":"https:\/\/rubautarres.com\/es\/wp-json\/wp\/v2\/categories?post=3518"},{"taxonomy":"post_tag","embeddable":true,"href":"https:\/\/rubautarres.com\/es\/wp-json\/wp\/v2\/tags?post=3518"}],"curies":[{"name":"wp","href":"https:\/\/api.w.org\/{rel}","templated":true}]}}