{"id":4015,"date":"2025-10-10T08:24:49","date_gmt":"2025-10-10T06:24:49","guid":{"rendered":"https:\/\/rubautarres.com\/nova-via-ciclista-de-celra\/"},"modified":"2025-10-10T11:22:34","modified_gmt":"2025-10-10T09:22:34","slug":"nova-via-ciclista-de-celra","status":"publish","type":"post","link":"https:\/\/rubautarres.com\/es\/nova-via-ciclista-de-celra\/","title":{"rendered":"Rubau Tarr\u00e8s ejecuta la nueva v\u00eda ciclista de Celr\u00e0, visitada por la consejera S\u00edlvia Paneque"},"content":{"rendered":"<p>[et_pb_section fb_built=\u00bb1&#8243; admin_label=\u00bbsection\u00bb _builder_version=\u00bb4.16&#8243; global_colors_info=\u00bb{}\u00bb][et_pb_row admin_label=\u00bbrow\u00bb _builder_version=\u00bb4.16&#8243; background_size=\u00bbinitial\u00bb background_position=\u00bbtop_left\u00bb background_repeat=\u00bbrepeat\u00bb global_colors_info=\u00bb{}\u00bb][et_pb_column type=\u00bb4_4&#8243; _builder_version=\u00bb4.16&#8243; custom_padding=\u00bb|||\u00bb global_colors_info=\u00bb{}\u00bb custom_padding__hover=\u00bb|||\u00bb][et_pb_text _builder_version=\u00bb4.27.4&#8243; _module_preset=\u00bbdefault\u00bb hover_enabled=\u00bb0&#8243; global_colors_info=\u00bb{}\u00bb sticky_enabled=\u00bb0&#8243;]<\/p>\n<p>Rubau Tarr\u00e8s ha estat l\u2019empresa responsable de la construcci\u00f3 de la nova via ciclista que connecta Celr\u00e0 amb Girona, una infraestructura destacada pel seu comprom\u00eds amb la sostenibilitat i el respecte pel medi natural. Aquesta obra forma part del corredor ciclista de la C-66 i s\u2019emmarca dins de l\u2019Estrat\u00e8gia Catalana de la Bicicleta 2025.<\/p>\n<p>El projecte, que est\u00e0 previst que entri en funcionament al desembre, inclou un tram elevat de 525 metres sobre el riu Ter, dissenyat per evitar les crescudes i garantir la seguretat dels usuaris. La consellera de Territori, Habitatge i Transici\u00f3 Ecol\u00f2gica, S\u00edlvia Paneque, va destacar la singularitat d\u2019aquesta actuaci\u00f3, posant \u00e8mfasi en les mesures de protecci\u00f3 ambiental implementades degut a la pres\u00e8ncia d\u2019esp\u00e8cies protegides a la zona. La consellera va remarcar que aquesta obra simbolitza la manera de fer del Govern: infraestructures amb un respecte absolut pel territori i la sostenibilitat.<\/p>\n<p>L\u2019execuci\u00f3 de la via ciclista ha comptat amb una inversi\u00f3 de 2,7 milions d\u2019euros, finan\u00e7ada en part pel fons Next Generation EU, i ha estat possible gr\u00e0cies a la col\u00b7laboraci\u00f3 entre el Departament de Territori, l\u2019Ajuntament de Celr\u00e0 i Infraestructures de Catalunya. Rubau Tarr\u00e8s ha tingut un paper clau en la materialitzaci\u00f3 d\u2019aquest projecte, contribuint a la millora de la mobilitat activa i la cohesi\u00f3 intermunicipal de la regi\u00f3.<\/p>\n<p>La visita de la consellera Paneque a les obres posa de manifest el comprom\u00eds del Govern amb el desenvolupament d\u2019infraestructures sostenibles i accessibles, i destaca la qualitat i el rigor t\u00e8cnic dels treballs realitzats per Rubau Tarr\u00e8s en aquest projecte emblem\u00e0tic.<\/p>\n<p><strong>Fuente: <\/strong><i>\u00abLa via ciclista de Celr\u00e0 simbolitza la manera de fer les infraestructures del Govern, amb respecte absolut per l\u2019entorn\u00bb<\/i>. (2025, 3 octubre). Govern.cat. <a href=\"https:\/\/govern.cat\/salapremsa\/notes-premsa\/749572\/la-via-ciclista-de-celra-simbolitza-la-manera-de-fer-les-infraestructures-del-govern-amb-respecte-absolut-per-l-entorn\"><span class=\"url\">https:\/\/govern.cat\/salapremsa\/notes-premsa\/749572\/la-via-ciclista-de-celra-simbolitza-la-manera-de-fer-les-infraestructures-del-govern-amb-respecte-absolut-per-l-entorn<\/span><\/a><\/p>\n<p>[\/et_pb_text][\/et_pb_column][\/et_pb_row][\/et_pb_section][et_pb_section fb_built=\u00bb1&#8243; admin_label=\u00bbsection\u00bb _builder_version=\u00bb4.16&#8243; global_colors_info=\u00bb{}\u00bb][et_pb_row admin_label=\u00bbrow\u00bb _builder_version=\u00bb4.16&#8243; background_size=\u00bbinitial\u00bb background_position=\u00bbtop_left\u00bb background_repeat=\u00bbrepeat\u00bb global_colors_info=\u00bb{}\u00bb][et_pb_column type=\u00bb4_4&#8243; _builder_version=\u00bb4.16&#8243; custom_padding=\u00bb|||\u00bb global_colors_info=\u00bb{}\u00bb custom_padding__hover=\u00bb|||\u00bb][et_pb_gallery gallery_ids=\u00bb3990,3993,3996,3999&#8243; show_title_and_caption=\u00bboff\u00bb show_pagination=\u00bboff\u00bb _builder_version=\u00bb4.27.4&#8243; _module_preset=\u00bbdefault\u00bb global_colors_info=\u00bb{}\u00bb][\/et_pb_gallery][\/et_pb_column][\/et_pb_row][\/et_pb_section]<\/p>\n","protected":false},"excerpt":{"rendered":"<p>Rubau Tarr\u00e8s ha estat l\u2019empresa responsable de la construcci\u00f3 de la nova via ciclista que connecta Celr\u00e0 amb Girona, una infraestructura destacada pel seu comprom\u00eds amb la sostenibilitat i el respecte pel medi natural. Aquesta obra forma part del corredor ciclista de la C-66 i s\u2019emmarca dins de l\u2019Estrat\u00e8gia Catalana de la Bicicleta 2025. El projecte, que est\u00e0 previst que entri en funcionament al desembre, inclou un tram elevat de 525 metres sobre el riu Ter, dissenyat per evitar les crescudes i garantir la seguretat dels usuaris. La consellera de Territori, Habitatge i Transici\u00f3 Ecol\u00f2gica, S\u00edlvia Paneque, va destacar la singularitat d\u2019aquesta actuaci\u00f3, posant \u00e8mfasi en les mesures de protecci\u00f3 ambiental implementades degut a la pres\u00e8ncia d\u2019esp\u00e8cies protegides a la zona. La consellera va remarcar que aquesta obra simbolitza la manera de fer del Govern: infraestructures amb un respecte absolut pel territori i la sostenibilitat. L\u2019execuci\u00f3 de la via ciclista ha comptat amb una inversi\u00f3 de 2,7 milions d\u2019euros, finan\u00e7ada en part pel fons Next Generation EU, i ha estat possible gr\u00e0cies a la col\u00b7laboraci\u00f3 entre el Departament de Territori, l\u2019Ajuntament de Celr\u00e0 i Infraestructures de Catalunya. Rubau Tarr\u00e8s ha tingut un paper clau en la materialitzaci\u00f3 d\u2019aquest projecte, contribuint [&hellip;]<\/p>\n","protected":false},"author":5,"featured_media":4001,"comment_status":"open","ping_status":"open","sticky":false,"template":"","format":"standard","meta":{"_acf_changed":false,"_et_pb_use_builder":"on","_et_pb_old_content":"","_et_gb_content_width":"","footnotes":""},"categories":[1],"tags":[],"class_list":["post-4015","post","type-post","status-publish","format-standard","has-post-thumbnail","hentry","category-sin-categorizar"],"acf":[],"yoast_head":"<!-- This site is optimized with the Yoast SEO plugin v27.5 - https:\/\/yoast.com\/product\/yoast-seo-wordpress\/ -->\n<title>Rubau Tarr\u00e8s ejecuta la nueva v\u00eda ciclista de Celr\u00e0 - Rubau Tarr\u00e8s<\/title>\n<meta name=\"description\" content=\"Descubre como Rubau Tarr\u00e8s ha desarrollado la nueva v\u00eda ciclista que conecta Celr\u00e0 con Girona.\" \/>\n<meta name=\"robots\" content=\"index, follow, max-snippet:-1, max-image-preview:large, max-video-preview:-1\" \/>\n<link rel=\"canonical\" href=\"https:\/\/rubautarres.com\/es\/nova-via-ciclista-de-celra\/\" \/>\n<meta property=\"og:locale\" content=\"es_ES\" \/>\n<meta property=\"og:type\" content=\"article\" \/>\n<meta property=\"og:title\" content=\"Rubau Tarr\u00e8s ejecuta la nueva v\u00eda ciclista de Celr\u00e0 - Rubau Tarr\u00e8s\" \/>\n<meta property=\"og:description\" content=\"Descubre como Rubau Tarr\u00e8s ha desarrollado la nueva v\u00eda ciclista que conecta Celr\u00e0 con Girona.\" \/>\n<meta property=\"og:url\" content=\"https:\/\/rubautarres.com\/es\/nova-via-ciclista-de-celra\/\" \/>\n<meta property=\"og:site_name\" content=\"Rubau Tarr\u00e8s\" \/>\n<meta property=\"article:publisher\" content=\"https:\/\/www.facebook.com\/RubauTarresSAU\" \/>\n<meta property=\"article:published_time\" content=\"2025-10-10T06:24:49+00:00\" \/>\n<meta property=\"article:modified_time\" content=\"2025-10-10T09:22:34+00:00\" \/>\n<meta property=\"og:image\" content=\"https:\/\/rubautarres.com\/wp-content\/uploads\/2025\/10\/IMG_0040.jpg\" \/>\n\t<meta property=\"og:image:width\" content=\"1000\" \/>\n\t<meta property=\"og:image:height\" content=\"667\" \/>\n\t<meta property=\"og:image:type\" content=\"image\/jpeg\" \/>\n<meta name=\"author\" content=\"Brunet Publicitat\" \/>\n<meta name=\"twitter:card\" content=\"summary_large_image\" \/>\n<meta name=\"twitter:creator\" content=\"@rubautarres\" \/>\n<meta name=\"twitter:site\" content=\"@rubautarres\" \/>\n<meta name=\"twitter:label1\" content=\"Escrito por\" \/>\n\t<meta name=\"twitter:data1\" content=\"Brunet Publicitat\" \/>\n\t<meta name=\"twitter:label2\" content=\"Tiempo de lectura\" \/>\n\t<meta name=\"twitter:data2\" content=\"3 minutos\" \/>\n<script type=\"application\/ld+json\" class=\"yoast-schema-graph\">{\"@context\":\"https:\\\/\\\/schema.org\",\"@graph\":[{\"@type\":\"Article\",\"@id\":\"https:\\\/\\\/rubautarres.com\\\/es\\\/nova-via-ciclista-de-celra\\\/#article\",\"isPartOf\":{\"@id\":\"https:\\\/\\\/rubautarres.com\\\/es\\\/nova-via-ciclista-de-celra\\\/\"},\"author\":{\"name\":\"Brunet Publicitat\",\"@id\":\"https:\\\/\\\/rubautarres.com\\\/es\\\/#\\\/schema\\\/person\\\/aeb438778eb106386697397c9e198f22\"},\"headline\":\"Rubau Tarr\u00e8s ejecuta la nueva v\u00eda ciclista de Celr\u00e0, visitada por la consejera S\u00edlvia Paneque\",\"datePublished\":\"2025-10-10T06:24:49+00:00\",\"dateModified\":\"2025-10-10T09:22:34+00:00\",\"mainEntityOfPage\":{\"@id\":\"https:\\\/\\\/rubautarres.com\\\/es\\\/nova-via-ciclista-de-celra\\\/\"},\"wordCount\":481,\"commentCount\":0,\"publisher\":{\"@id\":\"https:\\\/\\\/rubautarres.com\\\/es\\\/#organization\"},\"image\":{\"@id\":\"https:\\\/\\\/rubautarres.com\\\/es\\\/nova-via-ciclista-de-celra\\\/#primaryimage\"},\"thumbnailUrl\":\"https:\\\/\\\/rubautarres.com\\\/wp-content\\\/uploads\\\/2025\\\/10\\\/IMG_0040.jpg\",\"articleSection\":[\"Sin categorizar\"],\"inLanguage\":\"es\",\"potentialAction\":[{\"@type\":\"CommentAction\",\"name\":\"Comment\",\"target\":[\"https:\\\/\\\/rubautarres.com\\\/es\\\/nova-via-ciclista-de-celra\\\/#respond\"]}]},{\"@type\":\"WebPage\",\"@id\":\"https:\\\/\\\/rubautarres.com\\\/es\\\/nova-via-ciclista-de-celra\\\/\",\"url\":\"https:\\\/\\\/rubautarres.com\\\/es\\\/nova-via-ciclista-de-celra\\\/\",\"name\":\"Rubau Tarr\u00e8s ejecuta la nueva v\u00eda ciclista de Celr\u00e0 - Rubau Tarr\u00e8s\",\"isPartOf\":{\"@id\":\"https:\\\/\\\/rubautarres.com\\\/es\\\/#website\"},\"primaryImageOfPage\":{\"@id\":\"https:\\\/\\\/rubautarres.com\\\/es\\\/nova-via-ciclista-de-celra\\\/#primaryimage\"},\"image\":{\"@id\":\"https:\\\/\\\/rubautarres.com\\\/es\\\/nova-via-ciclista-de-celra\\\/#primaryimage\"},\"thumbnailUrl\":\"https:\\\/\\\/rubautarres.com\\\/wp-content\\\/uploads\\\/2025\\\/10\\\/IMG_0040.jpg\",\"datePublished\":\"2025-10-10T06:24:49+00:00\",\"dateModified\":\"2025-10-10T09:22:34+00:00\",\"description\":\"Descubre como Rubau Tarr\u00e8s ha desarrollado la nueva v\u00eda ciclista que conecta Celr\u00e0 con Girona.\",\"breadcrumb\":{\"@id\":\"https:\\\/\\\/rubautarres.com\\\/es\\\/nova-via-ciclista-de-celra\\\/#breadcrumb\"},\"inLanguage\":\"es\",\"potentialAction\":[{\"@type\":\"ReadAction\",\"target\":[\"https:\\\/\\\/rubautarres.com\\\/es\\\/nova-via-ciclista-de-celra\\\/\"]}]},{\"@type\":\"ImageObject\",\"inLanguage\":\"es\",\"@id\":\"https:\\\/\\\/rubautarres.com\\\/es\\\/nova-via-ciclista-de-celra\\\/#primaryimage\",\"url\":\"https:\\\/\\\/rubautarres.com\\\/wp-content\\\/uploads\\\/2025\\\/10\\\/IMG_0040.jpg\",\"contentUrl\":\"https:\\\/\\\/rubautarres.com\\\/wp-content\\\/uploads\\\/2025\\\/10\\\/IMG_0040.jpg\",\"width\":1000,\"height\":667,\"caption\":\"Rubau Tarr\u00e8s executa la nova via ciclista de Celr\u00e0\"},{\"@type\":\"BreadcrumbList\",\"@id\":\"https:\\\/\\\/rubautarres.com\\\/es\\\/nova-via-ciclista-de-celra\\\/#breadcrumb\",\"itemListElement\":[{\"@type\":\"ListItem\",\"position\":1,\"name\":\"Portada\",\"item\":\"https:\\\/\\\/rubautarres.com\\\/es\\\/\"},{\"@type\":\"ListItem\",\"position\":2,\"name\":\"Rubau Tarr\u00e8s ejecuta la nueva v\u00eda ciclista de Celr\u00e0, visitada por la consejera S\u00edlvia Paneque\"}]},{\"@type\":\"WebSite\",\"@id\":\"https:\\\/\\\/rubautarres.com\\\/es\\\/#website\",\"url\":\"https:\\\/\\\/rubautarres.com\\\/es\\\/\",\"name\":\"Rubau Tarr\u00e8s\",\"description\":\"Nosaltres constru\u00efm perqu\u00e8 tu avancis\",\"publisher\":{\"@id\":\"https:\\\/\\\/rubautarres.com\\\/es\\\/#organization\"},\"potentialAction\":[{\"@type\":\"SearchAction\",\"target\":{\"@type\":\"EntryPoint\",\"urlTemplate\":\"https:\\\/\\\/rubautarres.com\\\/es\\\/?s={search_term_string}\"},\"query-input\":{\"@type\":\"PropertyValueSpecification\",\"valueRequired\":true,\"valueName\":\"search_term_string\"}}],\"inLanguage\":\"es\"},{\"@type\":\"Organization\",\"@id\":\"https:\\\/\\\/rubautarres.com\\\/es\\\/#organization\",\"name\":\"Rubau Tarr\u00e8s\",\"url\":\"https:\\\/\\\/rubautarres.com\\\/es\\\/\",\"logo\":{\"@type\":\"ImageObject\",\"inLanguage\":\"es\",\"@id\":\"https:\\\/\\\/rubautarres.com\\\/es\\\/#\\\/schema\\\/logo\\\/image\\\/\",\"url\":\"https:\\\/\\\/rubautarres.com\\\/wp-content\\\/uploads\\\/2024\\\/06\\\/logo.png\",\"contentUrl\":\"https:\\\/\\\/rubautarres.com\\\/wp-content\\\/uploads\\\/2024\\\/06\\\/logo.png\",\"width\":780,\"height\":144,\"caption\":\"Rubau Tarr\u00e8s\"},\"image\":{\"@id\":\"https:\\\/\\\/rubautarres.com\\\/es\\\/#\\\/schema\\\/logo\\\/image\\\/\"},\"sameAs\":[\"https:\\\/\\\/www.facebook.com\\\/RubauTarresSAU\",\"https:\\\/\\\/x.com\\\/rubautarres\"]},{\"@type\":\"Person\",\"@id\":\"https:\\\/\\\/rubautarres.com\\\/es\\\/#\\\/schema\\\/person\\\/aeb438778eb106386697397c9e198f22\",\"name\":\"Brunet Publicitat\",\"image\":{\"@type\":\"ImageObject\",\"inLanguage\":\"es\",\"@id\":\"https:\\\/\\\/secure.gravatar.com\\\/avatar\\\/543d9f6ea22d2f4c6aa04149a3f7284850ad1bddb4a843e6ec62dd7d6789aaa7?s=96&d=mm&r=g\",\"url\":\"https:\\\/\\\/secure.gravatar.com\\\/avatar\\\/543d9f6ea22d2f4c6aa04149a3f7284850ad1bddb4a843e6ec62dd7d6789aaa7?s=96&d=mm&r=g\",\"contentUrl\":\"https:\\\/\\\/secure.gravatar.com\\\/avatar\\\/543d9f6ea22d2f4c6aa04149a3f7284850ad1bddb4a843e6ec62dd7d6789aaa7?s=96&d=mm&r=g\",\"caption\":\"Brunet Publicitat\"}}]}<\/script>\n<!-- \/ Yoast SEO plugin. -->","yoast_head_json":{"title":"Rubau Tarr\u00e8s ejecuta la nueva v\u00eda ciclista de Celr\u00e0 - Rubau Tarr\u00e8s","description":"Descubre como Rubau Tarr\u00e8s ha desarrollado la nueva v\u00eda ciclista que conecta Celr\u00e0 con Girona.","robots":{"index":"index","follow":"follow","max-snippet":"max-snippet:-1","max-image-preview":"max-image-preview:large","max-video-preview":"max-video-preview:-1"},"canonical":"https:\/\/rubautarres.com\/es\/nova-via-ciclista-de-celra\/","og_locale":"es_ES","og_type":"article","og_title":"Rubau Tarr\u00e8s ejecuta la nueva v\u00eda ciclista de Celr\u00e0 - Rubau Tarr\u00e8s","og_description":"Descubre como Rubau Tarr\u00e8s ha desarrollado la nueva v\u00eda ciclista que conecta Celr\u00e0 con Girona.","og_url":"https:\/\/rubautarres.com\/es\/nova-via-ciclista-de-celra\/","og_site_name":"Rubau Tarr\u00e8s","article_publisher":"https:\/\/www.facebook.com\/RubauTarresSAU","article_published_time":"2025-10-10T06:24:49+00:00","article_modified_time":"2025-10-10T09:22:34+00:00","og_image":[{"width":1000,"height":667,"url":"https:\/\/rubautarres.com\/wp-content\/uploads\/2025\/10\/IMG_0040.jpg","type":"image\/jpeg"}],"author":"Brunet Publicitat","twitter_card":"summary_large_image","twitter_creator":"@rubautarres","twitter_site":"@rubautarres","twitter_misc":{"Escrito por":"Brunet Publicitat","Tiempo de lectura":"3 minutos"},"schema":{"@context":"https:\/\/schema.org","@graph":[{"@type":"Article","@id":"https:\/\/rubautarres.com\/es\/nova-via-ciclista-de-celra\/#article","isPartOf":{"@id":"https:\/\/rubautarres.com\/es\/nova-via-ciclista-de-celra\/"},"author":{"name":"Brunet Publicitat","@id":"https:\/\/rubautarres.com\/es\/#\/schema\/person\/aeb438778eb106386697397c9e198f22"},"headline":"Rubau Tarr\u00e8s ejecuta la nueva v\u00eda ciclista de Celr\u00e0, visitada por la consejera S\u00edlvia Paneque","datePublished":"2025-10-10T06:24:49+00:00","dateModified":"2025-10-10T09:22:34+00:00","mainEntityOfPage":{"@id":"https:\/\/rubautarres.com\/es\/nova-via-ciclista-de-celra\/"},"wordCount":481,"commentCount":0,"publisher":{"@id":"https:\/\/rubautarres.com\/es\/#organization"},"image":{"@id":"https:\/\/rubautarres.com\/es\/nova-via-ciclista-de-celra\/#primaryimage"},"thumbnailUrl":"https:\/\/rubautarres.com\/wp-content\/uploads\/2025\/10\/IMG_0040.jpg","articleSection":["Sin categorizar"],"inLanguage":"es","potentialAction":[{"@type":"CommentAction","name":"Comment","target":["https:\/\/rubautarres.com\/es\/nova-via-ciclista-de-celra\/#respond"]}]},{"@type":"WebPage","@id":"https:\/\/rubautarres.com\/es\/nova-via-ciclista-de-celra\/","url":"https:\/\/rubautarres.com\/es\/nova-via-ciclista-de-celra\/","name":"Rubau Tarr\u00e8s ejecuta la nueva v\u00eda ciclista de Celr\u00e0 - Rubau Tarr\u00e8s","isPartOf":{"@id":"https:\/\/rubautarres.com\/es\/#website"},"primaryImageOfPage":{"@id":"https:\/\/rubautarres.com\/es\/nova-via-ciclista-de-celra\/#primaryimage"},"image":{"@id":"https:\/\/rubautarres.com\/es\/nova-via-ciclista-de-celra\/#primaryimage"},"thumbnailUrl":"https:\/\/rubautarres.com\/wp-content\/uploads\/2025\/10\/IMG_0040.jpg","datePublished":"2025-10-10T06:24:49+00:00","dateModified":"2025-10-10T09:22:34+00:00","description":"Descubre como Rubau Tarr\u00e8s ha desarrollado la nueva v\u00eda ciclista que conecta Celr\u00e0 con Girona.","breadcrumb":{"@id":"https:\/\/rubautarres.com\/es\/nova-via-ciclista-de-celra\/#breadcrumb"},"inLanguage":"es","potentialAction":[{"@type":"ReadAction","target":["https:\/\/rubautarres.com\/es\/nova-via-ciclista-de-celra\/"]}]},{"@type":"ImageObject","inLanguage":"es","@id":"https:\/\/rubautarres.com\/es\/nova-via-ciclista-de-celra\/#primaryimage","url":"https:\/\/rubautarres.com\/wp-content\/uploads\/2025\/10\/IMG_0040.jpg","contentUrl":"https:\/\/rubautarres.com\/wp-content\/uploads\/2025\/10\/IMG_0040.jpg","width":1000,"height":667,"caption":"Rubau Tarr\u00e8s executa la nova via ciclista de Celr\u00e0"},{"@type":"BreadcrumbList","@id":"https:\/\/rubautarres.com\/es\/nova-via-ciclista-de-celra\/#breadcrumb","itemListElement":[{"@type":"ListItem","position":1,"name":"Portada","item":"https:\/\/rubautarres.com\/es\/"},{"@type":"ListItem","position":2,"name":"Rubau Tarr\u00e8s ejecuta la nueva v\u00eda ciclista de Celr\u00e0, visitada por la consejera S\u00edlvia Paneque"}]},{"@type":"WebSite","@id":"https:\/\/rubautarres.com\/es\/#website","url":"https:\/\/rubautarres.com\/es\/","name":"Rubau Tarr\u00e8s","description":"Nosaltres constru\u00efm perqu\u00e8 tu avancis","publisher":{"@id":"https:\/\/rubautarres.com\/es\/#organization"},"potentialAction":[{"@type":"SearchAction","target":{"@type":"EntryPoint","urlTemplate":"https:\/\/rubautarres.com\/es\/?s={search_term_string}"},"query-input":{"@type":"PropertyValueSpecification","valueRequired":true,"valueName":"search_term_string"}}],"inLanguage":"es"},{"@type":"Organization","@id":"https:\/\/rubautarres.com\/es\/#organization","name":"Rubau Tarr\u00e8s","url":"https:\/\/rubautarres.com\/es\/","logo":{"@type":"ImageObject","inLanguage":"es","@id":"https:\/\/rubautarres.com\/es\/#\/schema\/logo\/image\/","url":"https:\/\/rubautarres.com\/wp-content\/uploads\/2024\/06\/logo.png","contentUrl":"https:\/\/rubautarres.com\/wp-content\/uploads\/2024\/06\/logo.png","width":780,"height":144,"caption":"Rubau Tarr\u00e8s"},"image":{"@id":"https:\/\/rubautarres.com\/es\/#\/schema\/logo\/image\/"},"sameAs":["https:\/\/www.facebook.com\/RubauTarresSAU","https:\/\/x.com\/rubautarres"]},{"@type":"Person","@id":"https:\/\/rubautarres.com\/es\/#\/schema\/person\/aeb438778eb106386697397c9e198f22","name":"Brunet Publicitat","image":{"@type":"ImageObject","inLanguage":"es","@id":"https:\/\/secure.gravatar.com\/avatar\/543d9f6ea22d2f4c6aa04149a3f7284850ad1bddb4a843e6ec62dd7d6789aaa7?s=96&d=mm&r=g","url":"https:\/\/secure.gravatar.com\/avatar\/543d9f6ea22d2f4c6aa04149a3f7284850ad1bddb4a843e6ec62dd7d6789aaa7?s=96&d=mm&r=g","contentUrl":"https:\/\/secure.gravatar.com\/avatar\/543d9f6ea22d2f4c6aa04149a3f7284850ad1bddb4a843e6ec62dd7d6789aaa7?s=96&d=mm&r=g","caption":"Brunet Publicitat"}}]}},"_links":{"self":[{"href":"https:\/\/rubautarres.com\/es\/wp-json\/wp\/v2\/posts\/4015","targetHints":{"allow":["GET"]}}],"collection":[{"href":"https:\/\/rubautarres.com\/es\/wp-json\/wp\/v2\/posts"}],"about":[{"href":"https:\/\/rubautarres.com\/es\/wp-json\/wp\/v2\/types\/post"}],"author":[{"embeddable":true,"href":"https:\/\/rubautarres.com\/es\/wp-json\/wp\/v2\/users\/5"}],"replies":[{"embeddable":true,"href":"https:\/\/rubautarres.com\/es\/wp-json\/wp\/v2\/comments?post=4015"}],"version-history":[{"count":2,"href":"https:\/\/rubautarres.com\/es\/wp-json\/wp\/v2\/posts\/4015\/revisions"}],"predecessor-version":[{"id":4018,"href":"https:\/\/rubautarres.com\/es\/wp-json\/wp\/v2\/posts\/4015\/revisions\/4018"}],"wp:featuredmedia":[{"embeddable":true,"href":"https:\/\/rubautarres.com\/es\/wp-json\/wp\/v2\/media\/4001"}],"wp:attachment":[{"href":"https:\/\/rubautarres.com\/es\/wp-json\/wp\/v2\/media?parent=4015"}],"wp:term":[{"taxonomy":"category","embeddable":true,"href":"https:\/\/rubautarres.com\/es\/wp-json\/wp\/v2\/categories?post=4015"},{"taxonomy":"post_tag","embeddable":true,"href":"https:\/\/rubautarres.com\/es\/wp-json\/wp\/v2\/tags?post=4015"}],"curies":[{"name":"wp","href":"https:\/\/api.w.org\/{rel}","templated":true}]}}