{"id":4238,"date":"2025-12-01T10:18:56","date_gmt":"2025-12-01T09:18:56","guid":{"rendered":"https:\/\/rubautarres.com\/?p=4238"},"modified":"2025-12-01T10:59:38","modified_gmt":"2025-12-01T09:59:38","slug":"obres-per-estabilitzar-platges","status":"publish","type":"post","link":"https:\/\/rubautarres.com\/es\/obres-per-estabilitzar-platges\/","title":{"rendered":"El Estado inicia las obras para estabilizar las playas de Sant Antoni y Se Monestr\u00ed"},"content":{"rendered":"<p>[et_pb_section fb_built=\u00bb1&#8243; admin_label=\u00bbsection\u00bb _builder_version=\u00bb4.16&#8243; global_colors_info=\u00bb{}\u00bb][et_pb_row admin_label=\u00bbrow\u00bb _builder_version=\u00bb4.16&#8243; background_size=\u00bbinitial\u00bb background_position=\u00bbtop_left\u00bb background_repeat=\u00bbrepeat\u00bb global_colors_info=\u00bb{}\u00bb][et_pb_column type=\u00bb4_4&#8243; _builder_version=\u00bb4.16&#8243; custom_padding=\u00bb|||\u00bb global_colors_info=\u00bb{}\u00bb custom_padding__hover=\u00bb|||\u00bb][et_pb_text _builder_version=\u00bb4.27.4&#8243; _module_preset=\u00bbdefault\u00bb global_colors_info=\u00bb{}\u00bb]<\/p>\n<p>L\u2019Estat va iniciar el 15 de setembre les obres d\u2019estabilitzaci\u00f3 de les platges de Sant Antoni de Calonge i Es Monestr\u00ed.<br \/>El projecte inclou la construcci\u00f3 de dos nous espigons per substituir l\u2019actual i la remoci\u00f3 i trasllat de sorra per refor\u00e7ar el perfil costaner.<br \/>En la primera fase es transvasaran uns 50.000 m\u00b3 de sorra des de la platja de Palam\u00f3s fins a la platja de Sant Antoni.<br \/>Aquest transvasament s\u2019allargar\u00e0 unes dues setmanes i servir\u00e0 per eixamplar la platja i refor\u00e7ar la seva resist\u00e8ncia davant els temporals.<br \/>A finals de setembre comen\u00e7ar\u00e0 l\u2019enderroc de l\u2019espig\u00f3 existent d\u2019Es Monestr\u00ed i, tot seguit, la construcci\u00f3 dels dos nous espigons previstos.<br \/>L\u2019empresa adjudicat\u00e0ria de les obres \u00e9s Rubau Tarr\u00e9s, amb un pressupost de 2,62 milions d\u2019euros.<br \/>Les feines tenen un termini previst d\u2019uns vuit-nou mesos, i l\u2019objectiu \u00e9s que estiguin enllestides abans de la temporada de bany 2026.<br \/>Amb aquestes intervencions es busca garantir que les platges mantinguin sempre una amplada m\u00ednima de 50 metres, indispensable per amortir l\u2019impacte de les onades.<br \/>Segons l\u2019Ajuntament de Calonge i Sant Antoni, l\u2019actuaci\u00f3 vol refor\u00e7ar la protecci\u00f3 del litoral despr\u00e9s dels danys causats per temporals recents.\u00a0<\/p>\n<p><span style=\"font-weight: 400;\">Fuente: <\/span><a href=\"https:\/\/www.elpuntavui.cat\/societat\/article\/5-societat\/2574324-l-estat-iniciara-dilluns-les-obres-per-estabilitzar-les-platges-\"><i><span style=\"font-weight: 400;\">\u00abL\u2019Estat iniciar\u00e0 dilluns les obres per estabilitzar les platges de Sant Antoni i des Monestr\u00ed\u00bb<\/span><\/i><span style=\"font-weight: 400;\"> (2025, 12 de setembre). elpuntavui.cat.<\/span> <span style=\"font-weight: 400;\">https:\/\/www.elpuntavui.cat\/societat\/article\/5-societat\/2574324-l-estat-iniciara-dilluns-les-obres-per-estabilitzar-les-platges-<\/span><\/a><\/p>\n<p>[\/et_pb_text][\/et_pb_column][\/et_pb_row][\/et_pb_section][et_pb_section fb_built=\u00bb1&#8243; _builder_version=\u00bb4.27.4&#8243; _module_preset=\u00bbdefault\u00bb global_colors_info=\u00bb{}\u00bb][et_pb_row _builder_version=\u00bb4.27.4&#8243; _module_preset=\u00bbdefault\u00bb global_colors_info=\u00bb{}\u00bb][et_pb_column type=\u00bb4_4&#8243; _builder_version=\u00bb4.27.4&#8243; _module_preset=\u00bbdefault\u00bb global_colors_info=\u00bb{}\u00bb][et_pb_gallery gallery_ids=\u00bb4245,4248&#8243; _builder_version=\u00bb4.27.4&#8243; _module_preset=\u00bbdefault\u00bb global_colors_info=\u00bb{}\u00bb][\/et_pb_gallery][\/et_pb_column][\/et_pb_row][\/et_pb_section]<\/p>\n","protected":false},"excerpt":{"rendered":"<p>L\u2019Estat va iniciar el 15 de setembre les obres d\u2019estabilitzaci\u00f3 de les platges de Sant Antoni de Calonge i Es Monestr\u00ed.El projecte inclou la construcci\u00f3 de dos nous espigons per substituir l\u2019actual i la remoci\u00f3 i trasllat de sorra per refor\u00e7ar el perfil costaner.En la primera fase es transvasaran uns 50.000 m\u00b3 de sorra des de la platja de Palam\u00f3s fins a la platja de Sant Antoni.Aquest transvasament s\u2019allargar\u00e0 unes dues setmanes i servir\u00e0 per eixamplar la platja i refor\u00e7ar la seva resist\u00e8ncia davant els temporals.A finals de setembre comen\u00e7ar\u00e0 l\u2019enderroc de l\u2019espig\u00f3 existent d\u2019Es Monestr\u00ed i, tot seguit, la construcci\u00f3 dels dos nous espigons previstos.L\u2019empresa adjudicat\u00e0ria de les obres \u00e9s Rubau Tarr\u00e9s, amb un pressupost de 2,62 milions d\u2019euros.Les feines tenen un termini previst d\u2019uns vuit-nou mesos, i l\u2019objectiu \u00e9s que estiguin enllestides abans de la temporada de bany 2026.Amb aquestes intervencions es busca garantir que les platges mantinguin sempre una amplada m\u00ednima de 50 metres, indispensable per amortir l\u2019impacte de les onades.Segons l\u2019Ajuntament de Calonge i Sant Antoni, l\u2019actuaci\u00f3 vol refor\u00e7ar la protecci\u00f3 del litoral despr\u00e9s dels danys causats per temporals recents.\u00a0 Fuente: \u00abL\u2019Estat iniciar\u00e0 dilluns les obres per estabilitzar les platges de Sant Antoni i des Monestr\u00ed\u00bb [&hellip;]<\/p>\n","protected":false},"author":5,"featured_media":4248,"comment_status":"open","ping_status":"open","sticky":false,"template":"","format":"standard","meta":{"_acf_changed":false,"_et_pb_use_builder":"on","_et_pb_old_content":"","_et_gb_content_width":"","footnotes":""},"categories":[1],"tags":[],"class_list":["post-4238","post","type-post","status-publish","format-standard","has-post-thumbnail","hentry","category-sin-categorizar"],"acf":[],"yoast_head":"<!-- This site is optimized with the Yoast SEO plugin v27.5 - https:\/\/yoast.com\/product\/yoast-seo-wordpress\/ -->\n<title>Obras para estabilizar las playas de Sant Antoni - Rubau Tarr\u00e8s<\/title>\n<meta name=\"description\" content=\"L\u2019Estat va iniciar el 15 de setembre les obres d\u2019estabilitzaci\u00f3 de les platges de Sant Antoni de Calonge i Es Monestr\u00ed.\" \/>\n<meta name=\"robots\" content=\"index, follow, max-snippet:-1, max-image-preview:large, max-video-preview:-1\" \/>\n<link rel=\"canonical\" href=\"https:\/\/rubautarres.com\/es\/obres-per-estabilitzar-platges\/\" \/>\n<meta property=\"og:locale\" content=\"es_ES\" \/>\n<meta property=\"og:type\" content=\"article\" \/>\n<meta property=\"og:title\" content=\"Obras para estabilizar las playas de Sant Antoni - Rubau Tarr\u00e8s\" \/>\n<meta property=\"og:description\" content=\"L\u2019Estat va iniciar el 15 de setembre les obres d\u2019estabilitzaci\u00f3 de les platges de Sant Antoni de Calonge i Es Monestr\u00ed.\" \/>\n<meta property=\"og:url\" content=\"https:\/\/rubautarres.com\/es\/obres-per-estabilitzar-platges\/\" \/>\n<meta property=\"og:site_name\" content=\"Rubau Tarr\u00e8s\" \/>\n<meta property=\"article:publisher\" content=\"https:\/\/www.facebook.com\/RubauTarresSAU\" \/>\n<meta property=\"article:published_time\" content=\"2025-12-01T09:18:56+00:00\" \/>\n<meta property=\"article:modified_time\" content=\"2025-12-01T09:59:38+00:00\" \/>\n<meta property=\"og:image\" content=\"https:\/\/rubautarres.com\/wp-content\/uploads\/2025\/12\/Platges-de-St.-Antoni.jpg\" \/>\n\t<meta property=\"og:image:width\" content=\"800\" \/>\n\t<meta property=\"og:image:height\" content=\"544\" \/>\n\t<meta property=\"og:image:type\" content=\"image\/jpeg\" \/>\n<meta name=\"author\" content=\"Brunet Publicitat\" \/>\n<meta name=\"twitter:card\" content=\"summary_large_image\" \/>\n<meta name=\"twitter:creator\" content=\"@rubautarres\" \/>\n<meta name=\"twitter:site\" content=\"@rubautarres\" \/>\n<meta name=\"twitter:label1\" content=\"Escrito por\" \/>\n\t<meta name=\"twitter:data1\" content=\"Brunet Publicitat\" \/>\n\t<meta name=\"twitter:label2\" content=\"Tiempo de lectura\" \/>\n\t<meta name=\"twitter:data2\" content=\"2 minutos\" \/>\n<script type=\"application\/ld+json\" class=\"yoast-schema-graph\">{\"@context\":\"https:\\\/\\\/schema.org\",\"@graph\":[{\"@type\":\"Article\",\"@id\":\"https:\\\/\\\/rubautarres.com\\\/es\\\/obres-per-estabilitzar-platges\\\/#article\",\"isPartOf\":{\"@id\":\"https:\\\/\\\/rubautarres.com\\\/es\\\/obres-per-estabilitzar-platges\\\/\"},\"author\":{\"name\":\"Brunet Publicitat\",\"@id\":\"https:\\\/\\\/rubautarres.com\\\/es\\\/#\\\/schema\\\/person\\\/aeb438778eb106386697397c9e198f22\"},\"headline\":\"El Estado inicia las obras para estabilizar las playas de Sant Antoni y Se Monestr\u00ed\",\"datePublished\":\"2025-12-01T09:18:56+00:00\",\"dateModified\":\"2025-12-01T09:59:38+00:00\",\"mainEntityOfPage\":{\"@id\":\"https:\\\/\\\/rubautarres.com\\\/es\\\/obres-per-estabilitzar-platges\\\/\"},\"wordCount\":387,\"commentCount\":0,\"publisher\":{\"@id\":\"https:\\\/\\\/rubautarres.com\\\/es\\\/#organization\"},\"image\":{\"@id\":\"https:\\\/\\\/rubautarres.com\\\/es\\\/obres-per-estabilitzar-platges\\\/#primaryimage\"},\"thumbnailUrl\":\"https:\\\/\\\/rubautarres.com\\\/wp-content\\\/uploads\\\/2025\\\/12\\\/Platges-de-St.-Antoni.jpg\",\"articleSection\":[\"Sin categorizar\"],\"inLanguage\":\"es\",\"potentialAction\":[{\"@type\":\"CommentAction\",\"name\":\"Comment\",\"target\":[\"https:\\\/\\\/rubautarres.com\\\/es\\\/obres-per-estabilitzar-platges\\\/#respond\"]}]},{\"@type\":\"WebPage\",\"@id\":\"https:\\\/\\\/rubautarres.com\\\/es\\\/obres-per-estabilitzar-platges\\\/\",\"url\":\"https:\\\/\\\/rubautarres.com\\\/es\\\/obres-per-estabilitzar-platges\\\/\",\"name\":\"Obras para estabilizar las playas de Sant Antoni - Rubau Tarr\u00e8s\",\"isPartOf\":{\"@id\":\"https:\\\/\\\/rubautarres.com\\\/es\\\/#website\"},\"primaryImageOfPage\":{\"@id\":\"https:\\\/\\\/rubautarres.com\\\/es\\\/obres-per-estabilitzar-platges\\\/#primaryimage\"},\"image\":{\"@id\":\"https:\\\/\\\/rubautarres.com\\\/es\\\/obres-per-estabilitzar-platges\\\/#primaryimage\"},\"thumbnailUrl\":\"https:\\\/\\\/rubautarres.com\\\/wp-content\\\/uploads\\\/2025\\\/12\\\/Platges-de-St.-Antoni.jpg\",\"datePublished\":\"2025-12-01T09:18:56+00:00\",\"dateModified\":\"2025-12-01T09:59:38+00:00\",\"description\":\"L\u2019Estat va iniciar el 15 de setembre les obres d\u2019estabilitzaci\u00f3 de les platges de Sant Antoni de Calonge i Es Monestr\u00ed.\",\"breadcrumb\":{\"@id\":\"https:\\\/\\\/rubautarres.com\\\/es\\\/obres-per-estabilitzar-platges\\\/#breadcrumb\"},\"inLanguage\":\"es\",\"potentialAction\":[{\"@type\":\"ReadAction\",\"target\":[\"https:\\\/\\\/rubautarres.com\\\/es\\\/obres-per-estabilitzar-platges\\\/\"]}]},{\"@type\":\"ImageObject\",\"inLanguage\":\"es\",\"@id\":\"https:\\\/\\\/rubautarres.com\\\/es\\\/obres-per-estabilitzar-platges\\\/#primaryimage\",\"url\":\"https:\\\/\\\/rubautarres.com\\\/wp-content\\\/uploads\\\/2025\\\/12\\\/Platges-de-St.-Antoni.jpg\",\"contentUrl\":\"https:\\\/\\\/rubautarres.com\\\/wp-content\\\/uploads\\\/2025\\\/12\\\/Platges-de-St.-Antoni.jpg\",\"width\":800,\"height\":544,\"caption\":\"Platges de Sant Antoni\"},{\"@type\":\"BreadcrumbList\",\"@id\":\"https:\\\/\\\/rubautarres.com\\\/es\\\/obres-per-estabilitzar-platges\\\/#breadcrumb\",\"itemListElement\":[{\"@type\":\"ListItem\",\"position\":1,\"name\":\"Portada\",\"item\":\"https:\\\/\\\/rubautarres.com\\\/es\\\/\"},{\"@type\":\"ListItem\",\"position\":2,\"name\":\"El Estado inicia las obras para estabilizar las playas de Sant Antoni y Se Monestr\u00ed\"}]},{\"@type\":\"WebSite\",\"@id\":\"https:\\\/\\\/rubautarres.com\\\/es\\\/#website\",\"url\":\"https:\\\/\\\/rubautarres.com\\\/es\\\/\",\"name\":\"Rubau Tarr\u00e8s\",\"description\":\"Nosaltres constru\u00efm perqu\u00e8 tu avancis\",\"publisher\":{\"@id\":\"https:\\\/\\\/rubautarres.com\\\/es\\\/#organization\"},\"potentialAction\":[{\"@type\":\"SearchAction\",\"target\":{\"@type\":\"EntryPoint\",\"urlTemplate\":\"https:\\\/\\\/rubautarres.com\\\/es\\\/?s={search_term_string}\"},\"query-input\":{\"@type\":\"PropertyValueSpecification\",\"valueRequired\":true,\"valueName\":\"search_term_string\"}}],\"inLanguage\":\"es\"},{\"@type\":\"Organization\",\"@id\":\"https:\\\/\\\/rubautarres.com\\\/es\\\/#organization\",\"name\":\"Rubau Tarr\u00e8s\",\"url\":\"https:\\\/\\\/rubautarres.com\\\/es\\\/\",\"logo\":{\"@type\":\"ImageObject\",\"inLanguage\":\"es\",\"@id\":\"https:\\\/\\\/rubautarres.com\\\/es\\\/#\\\/schema\\\/logo\\\/image\\\/\",\"url\":\"https:\\\/\\\/rubautarres.com\\\/wp-content\\\/uploads\\\/2024\\\/06\\\/logo.png\",\"contentUrl\":\"https:\\\/\\\/rubautarres.com\\\/wp-content\\\/uploads\\\/2024\\\/06\\\/logo.png\",\"width\":780,\"height\":144,\"caption\":\"Rubau Tarr\u00e8s\"},\"image\":{\"@id\":\"https:\\\/\\\/rubautarres.com\\\/es\\\/#\\\/schema\\\/logo\\\/image\\\/\"},\"sameAs\":[\"https:\\\/\\\/www.facebook.com\\\/RubauTarresSAU\",\"https:\\\/\\\/x.com\\\/rubautarres\"]},{\"@type\":\"Person\",\"@id\":\"https:\\\/\\\/rubautarres.com\\\/es\\\/#\\\/schema\\\/person\\\/aeb438778eb106386697397c9e198f22\",\"name\":\"Brunet Publicitat\",\"image\":{\"@type\":\"ImageObject\",\"inLanguage\":\"es\",\"@id\":\"https:\\\/\\\/secure.gravatar.com\\\/avatar\\\/543d9f6ea22d2f4c6aa04149a3f7284850ad1bddb4a843e6ec62dd7d6789aaa7?s=96&d=mm&r=g\",\"url\":\"https:\\\/\\\/secure.gravatar.com\\\/avatar\\\/543d9f6ea22d2f4c6aa04149a3f7284850ad1bddb4a843e6ec62dd7d6789aaa7?s=96&d=mm&r=g\",\"contentUrl\":\"https:\\\/\\\/secure.gravatar.com\\\/avatar\\\/543d9f6ea22d2f4c6aa04149a3f7284850ad1bddb4a843e6ec62dd7d6789aaa7?s=96&d=mm&r=g\",\"caption\":\"Brunet Publicitat\"}}]}<\/script>\n<!-- \/ Yoast SEO plugin. -->","yoast_head_json":{"title":"Obras para estabilizar las playas de Sant Antoni - Rubau Tarr\u00e8s","description":"L\u2019Estat va iniciar el 15 de setembre les obres d\u2019estabilitzaci\u00f3 de les platges de Sant Antoni de Calonge i Es Monestr\u00ed.","robots":{"index":"index","follow":"follow","max-snippet":"max-snippet:-1","max-image-preview":"max-image-preview:large","max-video-preview":"max-video-preview:-1"},"canonical":"https:\/\/rubautarres.com\/es\/obres-per-estabilitzar-platges\/","og_locale":"es_ES","og_type":"article","og_title":"Obras para estabilizar las playas de Sant Antoni - Rubau Tarr\u00e8s","og_description":"L\u2019Estat va iniciar el 15 de setembre les obres d\u2019estabilitzaci\u00f3 de les platges de Sant Antoni de Calonge i Es Monestr\u00ed.","og_url":"https:\/\/rubautarres.com\/es\/obres-per-estabilitzar-platges\/","og_site_name":"Rubau Tarr\u00e8s","article_publisher":"https:\/\/www.facebook.com\/RubauTarresSAU","article_published_time":"2025-12-01T09:18:56+00:00","article_modified_time":"2025-12-01T09:59:38+00:00","og_image":[{"width":800,"height":544,"url":"https:\/\/rubautarres.com\/wp-content\/uploads\/2025\/12\/Platges-de-St.-Antoni.jpg","type":"image\/jpeg"}],"author":"Brunet Publicitat","twitter_card":"summary_large_image","twitter_creator":"@rubautarres","twitter_site":"@rubautarres","twitter_misc":{"Escrito por":"Brunet Publicitat","Tiempo de lectura":"2 minutos"},"schema":{"@context":"https:\/\/schema.org","@graph":[{"@type":"Article","@id":"https:\/\/rubautarres.com\/es\/obres-per-estabilitzar-platges\/#article","isPartOf":{"@id":"https:\/\/rubautarres.com\/es\/obres-per-estabilitzar-platges\/"},"author":{"name":"Brunet Publicitat","@id":"https:\/\/rubautarres.com\/es\/#\/schema\/person\/aeb438778eb106386697397c9e198f22"},"headline":"El Estado inicia las obras para estabilizar las playas de Sant Antoni y Se Monestr\u00ed","datePublished":"2025-12-01T09:18:56+00:00","dateModified":"2025-12-01T09:59:38+00:00","mainEntityOfPage":{"@id":"https:\/\/rubautarres.com\/es\/obres-per-estabilitzar-platges\/"},"wordCount":387,"commentCount":0,"publisher":{"@id":"https:\/\/rubautarres.com\/es\/#organization"},"image":{"@id":"https:\/\/rubautarres.com\/es\/obres-per-estabilitzar-platges\/#primaryimage"},"thumbnailUrl":"https:\/\/rubautarres.com\/wp-content\/uploads\/2025\/12\/Platges-de-St.-Antoni.jpg","articleSection":["Sin categorizar"],"inLanguage":"es","potentialAction":[{"@type":"CommentAction","name":"Comment","target":["https:\/\/rubautarres.com\/es\/obres-per-estabilitzar-platges\/#respond"]}]},{"@type":"WebPage","@id":"https:\/\/rubautarres.com\/es\/obres-per-estabilitzar-platges\/","url":"https:\/\/rubautarres.com\/es\/obres-per-estabilitzar-platges\/","name":"Obras para estabilizar las playas de Sant Antoni - Rubau Tarr\u00e8s","isPartOf":{"@id":"https:\/\/rubautarres.com\/es\/#website"},"primaryImageOfPage":{"@id":"https:\/\/rubautarres.com\/es\/obres-per-estabilitzar-platges\/#primaryimage"},"image":{"@id":"https:\/\/rubautarres.com\/es\/obres-per-estabilitzar-platges\/#primaryimage"},"thumbnailUrl":"https:\/\/rubautarres.com\/wp-content\/uploads\/2025\/12\/Platges-de-St.-Antoni.jpg","datePublished":"2025-12-01T09:18:56+00:00","dateModified":"2025-12-01T09:59:38+00:00","description":"L\u2019Estat va iniciar el 15 de setembre les obres d\u2019estabilitzaci\u00f3 de les platges de Sant Antoni de Calonge i Es Monestr\u00ed.","breadcrumb":{"@id":"https:\/\/rubautarres.com\/es\/obres-per-estabilitzar-platges\/#breadcrumb"},"inLanguage":"es","potentialAction":[{"@type":"ReadAction","target":["https:\/\/rubautarres.com\/es\/obres-per-estabilitzar-platges\/"]}]},{"@type":"ImageObject","inLanguage":"es","@id":"https:\/\/rubautarres.com\/es\/obres-per-estabilitzar-platges\/#primaryimage","url":"https:\/\/rubautarres.com\/wp-content\/uploads\/2025\/12\/Platges-de-St.-Antoni.jpg","contentUrl":"https:\/\/rubautarres.com\/wp-content\/uploads\/2025\/12\/Platges-de-St.-Antoni.jpg","width":800,"height":544,"caption":"Platges de Sant Antoni"},{"@type":"BreadcrumbList","@id":"https:\/\/rubautarres.com\/es\/obres-per-estabilitzar-platges\/#breadcrumb","itemListElement":[{"@type":"ListItem","position":1,"name":"Portada","item":"https:\/\/rubautarres.com\/es\/"},{"@type":"ListItem","position":2,"name":"El Estado inicia las obras para estabilizar las playas de Sant Antoni y Se Monestr\u00ed"}]},{"@type":"WebSite","@id":"https:\/\/rubautarres.com\/es\/#website","url":"https:\/\/rubautarres.com\/es\/","name":"Rubau Tarr\u00e8s","description":"Nosaltres constru\u00efm perqu\u00e8 tu avancis","publisher":{"@id":"https:\/\/rubautarres.com\/es\/#organization"},"potentialAction":[{"@type":"SearchAction","target":{"@type":"EntryPoint","urlTemplate":"https:\/\/rubautarres.com\/es\/?s={search_term_string}"},"query-input":{"@type":"PropertyValueSpecification","valueRequired":true,"valueName":"search_term_string"}}],"inLanguage":"es"},{"@type":"Organization","@id":"https:\/\/rubautarres.com\/es\/#organization","name":"Rubau Tarr\u00e8s","url":"https:\/\/rubautarres.com\/es\/","logo":{"@type":"ImageObject","inLanguage":"es","@id":"https:\/\/rubautarres.com\/es\/#\/schema\/logo\/image\/","url":"https:\/\/rubautarres.com\/wp-content\/uploads\/2024\/06\/logo.png","contentUrl":"https:\/\/rubautarres.com\/wp-content\/uploads\/2024\/06\/logo.png","width":780,"height":144,"caption":"Rubau Tarr\u00e8s"},"image":{"@id":"https:\/\/rubautarres.com\/es\/#\/schema\/logo\/image\/"},"sameAs":["https:\/\/www.facebook.com\/RubauTarresSAU","https:\/\/x.com\/rubautarres"]},{"@type":"Person","@id":"https:\/\/rubautarres.com\/es\/#\/schema\/person\/aeb438778eb106386697397c9e198f22","name":"Brunet Publicitat","image":{"@type":"ImageObject","inLanguage":"es","@id":"https:\/\/secure.gravatar.com\/avatar\/543d9f6ea22d2f4c6aa04149a3f7284850ad1bddb4a843e6ec62dd7d6789aaa7?s=96&d=mm&r=g","url":"https:\/\/secure.gravatar.com\/avatar\/543d9f6ea22d2f4c6aa04149a3f7284850ad1bddb4a843e6ec62dd7d6789aaa7?s=96&d=mm&r=g","contentUrl":"https:\/\/secure.gravatar.com\/avatar\/543d9f6ea22d2f4c6aa04149a3f7284850ad1bddb4a843e6ec62dd7d6789aaa7?s=96&d=mm&r=g","caption":"Brunet Publicitat"}}]}},"_links":{"self":[{"href":"https:\/\/rubautarres.com\/es\/wp-json\/wp\/v2\/posts\/4238","targetHints":{"allow":["GET"]}}],"collection":[{"href":"https:\/\/rubautarres.com\/es\/wp-json\/wp\/v2\/posts"}],"about":[{"href":"https:\/\/rubautarres.com\/es\/wp-json\/wp\/v2\/types\/post"}],"author":[{"embeddable":true,"href":"https:\/\/rubautarres.com\/es\/wp-json\/wp\/v2\/users\/5"}],"replies":[{"embeddable":true,"href":"https:\/\/rubautarres.com\/es\/wp-json\/wp\/v2\/comments?post=4238"}],"version-history":[{"count":6,"href":"https:\/\/rubautarres.com\/es\/wp-json\/wp\/v2\/posts\/4238\/revisions"}],"predecessor-version":[{"id":4306,"href":"https:\/\/rubautarres.com\/es\/wp-json\/wp\/v2\/posts\/4238\/revisions\/4306"}],"wp:featuredmedia":[{"embeddable":true,"href":"https:\/\/rubautarres.com\/es\/wp-json\/wp\/v2\/media\/4248"}],"wp:attachment":[{"href":"https:\/\/rubautarres.com\/es\/wp-json\/wp\/v2\/media?parent=4238"}],"wp:term":[{"taxonomy":"category","embeddable":true,"href":"https:\/\/rubautarres.com\/es\/wp-json\/wp\/v2\/categories?post=4238"},{"taxonomy":"post_tag","embeddable":true,"href":"https:\/\/rubautarres.com\/es\/wp-json\/wp\/v2\/tags?post=4238"}],"curies":[{"name":"wp","href":"https:\/\/api.w.org\/{rel}","templated":true}]}}