{"id":4264,"date":"2025-12-01T10:34:13","date_gmt":"2025-12-01T09:34:13","guid":{"rendered":"https:\/\/rubautarres.com\/?p=4264"},"modified":"2025-12-01T11:02:20","modified_gmt":"2025-12-01T10:02:20","slug":"celra-estrena-nova-via-ciclista","status":"publish","type":"post","link":"https:\/\/rubautarres.com\/es\/celra-estrena-nova-via-ciclista\/","title":{"rendered":"Celr\u00e0 estrena una nueva v\u00eda ciclista para conectar con Girona y fomentar la movilidad sostenible"},"content":{"rendered":"<p>[et_pb_section fb_built=\u00bb1&#8243; admin_label=\u00bbsection\u00bb _builder_version=\u00bb4.16&#8243; global_colors_info=\u00bb{}\u00bb][et_pb_row admin_label=\u00bbrow\u00bb _builder_version=\u00bb4.16&#8243; background_size=\u00bbinitial\u00bb background_position=\u00bbtop_left\u00bb background_repeat=\u00bbrepeat\u00bb global_colors_info=\u00bb{}\u00bb][et_pb_column type=\u00bb4_4&#8243; _builder_version=\u00bb4.16&#8243; custom_padding=\u00bb|||\u00bb global_colors_info=\u00bb{}\u00bb custom_padding__hover=\u00bb|||\u00bb][et_pb_text _builder_version=\u00bb4.27.4&#8243; _module_preset=\u00bbdefault\u00bb global_colors_info=\u00bb{}\u00bb]<\/p>\n<p>El Gobierno de Catalu\u00f1a est\u00e1 construyendo una nueva v\u00eda ciclista en Celr\u00e0 a lo largo del corredor de la carretera C-66 con un tramo de 1,8\u202fkm y una inversi\u00f3n de 2,7\u202fmillones de euros que conectar\u00e1 Celr\u00e0 con el l\u00edmite con Girona para ofrecer una alternativa al veh\u00edculo privado y fomentar la movilidad sostenible El trazado aprovecha en parte caminos existentes e incluye un tramo nuevo con pasarela met\u00e1lica sobre el r\u00edo Ter y las v\u00edas del tren de cerca de 525 metros para garantizar la conexi\u00f3n segura Esta iniciativa se enmarca dentro de la Estrategia Catalana de la Bicicleta 2025 que persigue la movilidad\u00a0descarbonitzada\u00a0y segura para ciclistas y peatones A pesar de que el proyecto es promovido y gestionado por el Gobierno de Catalu\u00f1a, la empresa\u00a0Rubau\u00a0Tarr\u00e9s, ha tenido un papel activo en su construcci\u00f3n, asumiendo parte de los trabajos necesarios para hacer realidad la nueva v\u00eda ciclista.<\/p>\n<p><span style=\"font-weight: 400;\">Fuente: <\/span><i><span style=\"font-weight: 400;\">\u00abLa via ciclista de Celr\u00e0 simbolitza la manera de fer les infraestructures del Govern, amb respecte absolut per l&#8217;entorn\u00bb<\/span><\/i><span style=\"font-weight: 400;\"> (2025, 3 d\u2019octubre). govern.cat. <\/span><a href=\"https:\/\/govern.cat\/gov\/notes-premsa\/749572\/la-via-ciclista-celra-simbolitza-manera-infraestructures-del-govern-respecte-absolut-lentorn\"><span style=\"font-weight: 400;\">https:\/\/govern.cat\/gov\/notes-premsa\/749572\/la-via-ciclista-celra-simbolitza-manera-infraestructures-del-govern-respecte-absolut-lentorn<\/span><\/a><\/p>\n<p>[\/et_pb_text][\/et_pb_column][\/et_pb_row][\/et_pb_section][et_pb_section fb_built=\u00bb1&#8243; admin_label=\u00bbsection\u00bb _builder_version=\u00bb4.16&#8243; global_colors_info=\u00bb{}\u00bb][et_pb_row admin_label=\u00bbrow\u00bb _builder_version=\u00bb4.16&#8243; background_size=\u00bbinitial\u00bb background_position=\u00bbtop_left\u00bb background_repeat=\u00bbrepeat\u00bb global_colors_info=\u00bb{}\u00bb][et_pb_column type=\u00bb4_4&#8243; _builder_version=\u00bb4.16&#8243; custom_padding=\u00bb|||\u00bb global_colors_info=\u00bb{}\u00bb custom_padding__hover=\u00bb|||\u00bb][et_pb_gallery show_title_and_caption=\u00bboff\u00bb show_pagination=\u00bboff\u00bb _builder_version=\u00bb4.27.4&#8243; _module_preset=\u00bbdefault\u00bb hover_enabled=\u00bb0&#8243; global_colors_info=\u00bb{}\u00bb gallery_ids=\u00bb4271&#8243; sticky_enabled=\u00bb0&#8243;][\/et_pb_gallery][\/et_pb_column][\/et_pb_row][\/et_pb_section]<\/p>\n","protected":false},"excerpt":{"rendered":"<p>El Gobierno de Catalu\u00f1a est\u00e1 construyendo una nueva v\u00eda ciclista en Celr\u00e0 a lo largo del corredor de la carretera C-66 con un tramo de 1,8\u202fkm y una inversi\u00f3n de 2,7\u202fmillones de euros que conectar\u00e1 Celr\u00e0 con el l\u00edmite con Girona para ofrecer una alternativa al veh\u00edculo privado y fomentar la movilidad sostenible El trazado aprovecha en parte caminos existentes e incluye un tramo nuevo con pasarela met\u00e1lica sobre el r\u00edo Ter y las v\u00edas del tren de cerca de 525 metros para garantizar la conexi\u00f3n segura Esta iniciativa se enmarca dentro de la Estrategia Catalana de la Bicicleta 2025 que persigue la movilidad\u00a0descarbonitzada\u00a0y segura para ciclistas y peatones A pesar de que el proyecto es promovido y gestionado por el Gobierno de Catalu\u00f1a, la empresa\u00a0Rubau\u00a0Tarr\u00e9s, ha tenido un papel activo en su construcci\u00f3n, asumiendo parte de los trabajos necesarios para hacer realidad la nueva v\u00eda ciclista. Fuente: \u00abLa via ciclista de Celr\u00e0 simbolitza la manera de fer les infraestructures del Govern, amb respecte absolut per l&#8217;entorn\u00bb (2025, 3 d\u2019octubre). govern.cat. https:\/\/govern.cat\/gov\/notes-premsa\/749572\/la-via-ciclista-celra-simbolitza-manera-infraestructures-del-govern-respecte-absolut-lentorn<\/p>\n","protected":false},"author":5,"featured_media":4271,"comment_status":"open","ping_status":"open","sticky":false,"template":"","format":"standard","meta":{"_acf_changed":false,"_et_pb_use_builder":"on","_et_pb_old_content":"","_et_gb_content_width":"","footnotes":""},"categories":[1],"tags":[],"class_list":["post-4264","post","type-post","status-publish","format-standard","has-post-thumbnail","hentry","category-sin-categorizar"],"acf":[],"yoast_head":"<!-- This site is optimized with the Yoast SEO plugin v27.5 - https:\/\/yoast.com\/product\/yoast-seo-wordpress\/ -->\n<title>Celr\u00e0 estrena una nueva v\u00eda ciclista para conectar con Girona - Rubau Tarr\u00e8s<\/title>\n<meta name=\"description\" content=\"El Gobierno de Catalu\u00f1a est\u00e1 construyendo una nueva v\u00eda ciclista en Celr\u00e0 a lo largo del corredor de la carretera C-66 con un tramo de 1,8\u202fkm.\" \/>\n<meta name=\"robots\" content=\"index, follow, max-snippet:-1, max-image-preview:large, max-video-preview:-1\" \/>\n<link rel=\"canonical\" href=\"https:\/\/rubautarres.com\/es\/celra-estrena-nova-via-ciclista\/\" \/>\n<meta property=\"og:locale\" content=\"es_ES\" \/>\n<meta property=\"og:type\" content=\"article\" \/>\n<meta property=\"og:title\" content=\"Celr\u00e0 estrena una nueva v\u00eda ciclista para conectar con Girona - Rubau Tarr\u00e8s\" \/>\n<meta property=\"og:description\" content=\"El Gobierno de Catalu\u00f1a est\u00e1 construyendo una nueva v\u00eda ciclista en Celr\u00e0 a lo largo del corredor de la carretera C-66 con un tramo de 1,8\u202fkm.\" \/>\n<meta property=\"og:url\" content=\"https:\/\/rubautarres.com\/es\/celra-estrena-nova-via-ciclista\/\" \/>\n<meta property=\"og:site_name\" content=\"Rubau Tarr\u00e8s\" \/>\n<meta property=\"article:publisher\" content=\"https:\/\/www.facebook.com\/RubauTarresSAU\" \/>\n<meta property=\"article:published_time\" content=\"2025-12-01T09:34:13+00:00\" \/>\n<meta property=\"article:modified_time\" content=\"2025-12-01T10:02:20+00:00\" \/>\n<meta property=\"og:image\" content=\"https:\/\/rubautarres.com\/wp-content\/uploads\/2025\/12\/Celra.png\" \/>\n\t<meta property=\"og:image:width\" content=\"1280\" \/>\n\t<meta property=\"og:image:height\" content=\"720\" \/>\n\t<meta property=\"og:image:type\" content=\"image\/png\" \/>\n<meta name=\"author\" content=\"Brunet Publicitat\" \/>\n<meta name=\"twitter:card\" content=\"summary_large_image\" \/>\n<meta name=\"twitter:creator\" content=\"@rubautarres\" \/>\n<meta name=\"twitter:site\" content=\"@rubautarres\" \/>\n<meta name=\"twitter:label1\" content=\"Escrito por\" \/>\n\t<meta name=\"twitter:data1\" content=\"Brunet Publicitat\" \/>\n\t<meta name=\"twitter:label2\" content=\"Tiempo de lectura\" \/>\n\t<meta name=\"twitter:data2\" content=\"2 minutos\" \/>\n<script type=\"application\/ld+json\" class=\"yoast-schema-graph\">{\"@context\":\"https:\\\/\\\/schema.org\",\"@graph\":[{\"@type\":\"Article\",\"@id\":\"https:\\\/\\\/rubautarres.com\\\/es\\\/celra-estrena-nova-via-ciclista\\\/#article\",\"isPartOf\":{\"@id\":\"https:\\\/\\\/rubautarres.com\\\/es\\\/celra-estrena-nova-via-ciclista\\\/\"},\"author\":{\"name\":\"Brunet Publicitat\",\"@id\":\"https:\\\/\\\/rubautarres.com\\\/es\\\/#\\\/schema\\\/person\\\/aeb438778eb106386697397c9e198f22\"},\"headline\":\"Celr\u00e0 estrena una nueva v\u00eda ciclista para conectar con Girona y fomentar la movilidad sostenible\",\"datePublished\":\"2025-12-01T09:34:13+00:00\",\"dateModified\":\"2025-12-01T10:02:20+00:00\",\"mainEntityOfPage\":{\"@id\":\"https:\\\/\\\/rubautarres.com\\\/es\\\/celra-estrena-nova-via-ciclista\\\/\"},\"wordCount\":365,\"commentCount\":0,\"publisher\":{\"@id\":\"https:\\\/\\\/rubautarres.com\\\/es\\\/#organization\"},\"image\":{\"@id\":\"https:\\\/\\\/rubautarres.com\\\/es\\\/celra-estrena-nova-via-ciclista\\\/#primaryimage\"},\"thumbnailUrl\":\"https:\\\/\\\/rubautarres.com\\\/wp-content\\\/uploads\\\/2025\\\/12\\\/Celra.png\",\"articleSection\":[\"Sin categorizar\"],\"inLanguage\":\"es\",\"potentialAction\":[{\"@type\":\"CommentAction\",\"name\":\"Comment\",\"target\":[\"https:\\\/\\\/rubautarres.com\\\/es\\\/celra-estrena-nova-via-ciclista\\\/#respond\"]}]},{\"@type\":\"WebPage\",\"@id\":\"https:\\\/\\\/rubautarres.com\\\/es\\\/celra-estrena-nova-via-ciclista\\\/\",\"url\":\"https:\\\/\\\/rubautarres.com\\\/es\\\/celra-estrena-nova-via-ciclista\\\/\",\"name\":\"Celr\u00e0 estrena una nueva v\u00eda ciclista para conectar con Girona - Rubau Tarr\u00e8s\",\"isPartOf\":{\"@id\":\"https:\\\/\\\/rubautarres.com\\\/es\\\/#website\"},\"primaryImageOfPage\":{\"@id\":\"https:\\\/\\\/rubautarres.com\\\/es\\\/celra-estrena-nova-via-ciclista\\\/#primaryimage\"},\"image\":{\"@id\":\"https:\\\/\\\/rubautarres.com\\\/es\\\/celra-estrena-nova-via-ciclista\\\/#primaryimage\"},\"thumbnailUrl\":\"https:\\\/\\\/rubautarres.com\\\/wp-content\\\/uploads\\\/2025\\\/12\\\/Celra.png\",\"datePublished\":\"2025-12-01T09:34:13+00:00\",\"dateModified\":\"2025-12-01T10:02:20+00:00\",\"description\":\"El Gobierno de Catalu\u00f1a est\u00e1 construyendo una nueva v\u00eda ciclista en Celr\u00e0 a lo largo del corredor de la carretera C-66 con un tramo de 1,8\u202fkm.\",\"breadcrumb\":{\"@id\":\"https:\\\/\\\/rubautarres.com\\\/es\\\/celra-estrena-nova-via-ciclista\\\/#breadcrumb\"},\"inLanguage\":\"es\",\"potentialAction\":[{\"@type\":\"ReadAction\",\"target\":[\"https:\\\/\\\/rubautarres.com\\\/es\\\/celra-estrena-nova-via-ciclista\\\/\"]}]},{\"@type\":\"ImageObject\",\"inLanguage\":\"es\",\"@id\":\"https:\\\/\\\/rubautarres.com\\\/es\\\/celra-estrena-nova-via-ciclista\\\/#primaryimage\",\"url\":\"https:\\\/\\\/rubautarres.com\\\/wp-content\\\/uploads\\\/2025\\\/12\\\/Celra.png\",\"contentUrl\":\"https:\\\/\\\/rubautarres.com\\\/wp-content\\\/uploads\\\/2025\\\/12\\\/Celra.png\",\"width\":1280,\"height\":720,\"caption\":\"Celr\u00e0\"},{\"@type\":\"BreadcrumbList\",\"@id\":\"https:\\\/\\\/rubautarres.com\\\/es\\\/celra-estrena-nova-via-ciclista\\\/#breadcrumb\",\"itemListElement\":[{\"@type\":\"ListItem\",\"position\":1,\"name\":\"Portada\",\"item\":\"https:\\\/\\\/rubautarres.com\\\/es\\\/\"},{\"@type\":\"ListItem\",\"position\":2,\"name\":\"Celr\u00e0 estrena una nueva v\u00eda ciclista para conectar con Girona y fomentar la movilidad sostenible\"}]},{\"@type\":\"WebSite\",\"@id\":\"https:\\\/\\\/rubautarres.com\\\/es\\\/#website\",\"url\":\"https:\\\/\\\/rubautarres.com\\\/es\\\/\",\"name\":\"Rubau Tarr\u00e8s\",\"description\":\"Nosaltres constru\u00efm perqu\u00e8 tu avancis\",\"publisher\":{\"@id\":\"https:\\\/\\\/rubautarres.com\\\/es\\\/#organization\"},\"potentialAction\":[{\"@type\":\"SearchAction\",\"target\":{\"@type\":\"EntryPoint\",\"urlTemplate\":\"https:\\\/\\\/rubautarres.com\\\/es\\\/?s={search_term_string}\"},\"query-input\":{\"@type\":\"PropertyValueSpecification\",\"valueRequired\":true,\"valueName\":\"search_term_string\"}}],\"inLanguage\":\"es\"},{\"@type\":\"Organization\",\"@id\":\"https:\\\/\\\/rubautarres.com\\\/es\\\/#organization\",\"name\":\"Rubau Tarr\u00e8s\",\"url\":\"https:\\\/\\\/rubautarres.com\\\/es\\\/\",\"logo\":{\"@type\":\"ImageObject\",\"inLanguage\":\"es\",\"@id\":\"https:\\\/\\\/rubautarres.com\\\/es\\\/#\\\/schema\\\/logo\\\/image\\\/\",\"url\":\"https:\\\/\\\/rubautarres.com\\\/wp-content\\\/uploads\\\/2024\\\/06\\\/logo.png\",\"contentUrl\":\"https:\\\/\\\/rubautarres.com\\\/wp-content\\\/uploads\\\/2024\\\/06\\\/logo.png\",\"width\":780,\"height\":144,\"caption\":\"Rubau Tarr\u00e8s\"},\"image\":{\"@id\":\"https:\\\/\\\/rubautarres.com\\\/es\\\/#\\\/schema\\\/logo\\\/image\\\/\"},\"sameAs\":[\"https:\\\/\\\/www.facebook.com\\\/RubauTarresSAU\",\"https:\\\/\\\/x.com\\\/rubautarres\"]},{\"@type\":\"Person\",\"@id\":\"https:\\\/\\\/rubautarres.com\\\/es\\\/#\\\/schema\\\/person\\\/aeb438778eb106386697397c9e198f22\",\"name\":\"Brunet Publicitat\",\"image\":{\"@type\":\"ImageObject\",\"inLanguage\":\"es\",\"@id\":\"https:\\\/\\\/secure.gravatar.com\\\/avatar\\\/543d9f6ea22d2f4c6aa04149a3f7284850ad1bddb4a843e6ec62dd7d6789aaa7?s=96&d=mm&r=g\",\"url\":\"https:\\\/\\\/secure.gravatar.com\\\/avatar\\\/543d9f6ea22d2f4c6aa04149a3f7284850ad1bddb4a843e6ec62dd7d6789aaa7?s=96&d=mm&r=g\",\"contentUrl\":\"https:\\\/\\\/secure.gravatar.com\\\/avatar\\\/543d9f6ea22d2f4c6aa04149a3f7284850ad1bddb4a843e6ec62dd7d6789aaa7?s=96&d=mm&r=g\",\"caption\":\"Brunet Publicitat\"}}]}<\/script>\n<!-- \/ Yoast SEO plugin. -->","yoast_head_json":{"title":"Celr\u00e0 estrena una nueva v\u00eda ciclista para conectar con Girona - Rubau Tarr\u00e8s","description":"El Gobierno de Catalu\u00f1a est\u00e1 construyendo una nueva v\u00eda ciclista en Celr\u00e0 a lo largo del corredor de la carretera C-66 con un tramo de 1,8\u202fkm.","robots":{"index":"index","follow":"follow","max-snippet":"max-snippet:-1","max-image-preview":"max-image-preview:large","max-video-preview":"max-video-preview:-1"},"canonical":"https:\/\/rubautarres.com\/es\/celra-estrena-nova-via-ciclista\/","og_locale":"es_ES","og_type":"article","og_title":"Celr\u00e0 estrena una nueva v\u00eda ciclista para conectar con Girona - Rubau Tarr\u00e8s","og_description":"El Gobierno de Catalu\u00f1a est\u00e1 construyendo una nueva v\u00eda ciclista en Celr\u00e0 a lo largo del corredor de la carretera C-66 con un tramo de 1,8\u202fkm.","og_url":"https:\/\/rubautarres.com\/es\/celra-estrena-nova-via-ciclista\/","og_site_name":"Rubau Tarr\u00e8s","article_publisher":"https:\/\/www.facebook.com\/RubauTarresSAU","article_published_time":"2025-12-01T09:34:13+00:00","article_modified_time":"2025-12-01T10:02:20+00:00","og_image":[{"width":1280,"height":720,"url":"https:\/\/rubautarres.com\/wp-content\/uploads\/2025\/12\/Celra.png","type":"image\/png"}],"author":"Brunet Publicitat","twitter_card":"summary_large_image","twitter_creator":"@rubautarres","twitter_site":"@rubautarres","twitter_misc":{"Escrito por":"Brunet Publicitat","Tiempo de lectura":"2 minutos"},"schema":{"@context":"https:\/\/schema.org","@graph":[{"@type":"Article","@id":"https:\/\/rubautarres.com\/es\/celra-estrena-nova-via-ciclista\/#article","isPartOf":{"@id":"https:\/\/rubautarres.com\/es\/celra-estrena-nova-via-ciclista\/"},"author":{"name":"Brunet Publicitat","@id":"https:\/\/rubautarres.com\/es\/#\/schema\/person\/aeb438778eb106386697397c9e198f22"},"headline":"Celr\u00e0 estrena una nueva v\u00eda ciclista para conectar con Girona y fomentar la movilidad sostenible","datePublished":"2025-12-01T09:34:13+00:00","dateModified":"2025-12-01T10:02:20+00:00","mainEntityOfPage":{"@id":"https:\/\/rubautarres.com\/es\/celra-estrena-nova-via-ciclista\/"},"wordCount":365,"commentCount":0,"publisher":{"@id":"https:\/\/rubautarres.com\/es\/#organization"},"image":{"@id":"https:\/\/rubautarres.com\/es\/celra-estrena-nova-via-ciclista\/#primaryimage"},"thumbnailUrl":"https:\/\/rubautarres.com\/wp-content\/uploads\/2025\/12\/Celra.png","articleSection":["Sin categorizar"],"inLanguage":"es","potentialAction":[{"@type":"CommentAction","name":"Comment","target":["https:\/\/rubautarres.com\/es\/celra-estrena-nova-via-ciclista\/#respond"]}]},{"@type":"WebPage","@id":"https:\/\/rubautarres.com\/es\/celra-estrena-nova-via-ciclista\/","url":"https:\/\/rubautarres.com\/es\/celra-estrena-nova-via-ciclista\/","name":"Celr\u00e0 estrena una nueva v\u00eda ciclista para conectar con Girona - Rubau Tarr\u00e8s","isPartOf":{"@id":"https:\/\/rubautarres.com\/es\/#website"},"primaryImageOfPage":{"@id":"https:\/\/rubautarres.com\/es\/celra-estrena-nova-via-ciclista\/#primaryimage"},"image":{"@id":"https:\/\/rubautarres.com\/es\/celra-estrena-nova-via-ciclista\/#primaryimage"},"thumbnailUrl":"https:\/\/rubautarres.com\/wp-content\/uploads\/2025\/12\/Celra.png","datePublished":"2025-12-01T09:34:13+00:00","dateModified":"2025-12-01T10:02:20+00:00","description":"El Gobierno de Catalu\u00f1a est\u00e1 construyendo una nueva v\u00eda ciclista en Celr\u00e0 a lo largo del corredor de la carretera C-66 con un tramo de 1,8\u202fkm.","breadcrumb":{"@id":"https:\/\/rubautarres.com\/es\/celra-estrena-nova-via-ciclista\/#breadcrumb"},"inLanguage":"es","potentialAction":[{"@type":"ReadAction","target":["https:\/\/rubautarres.com\/es\/celra-estrena-nova-via-ciclista\/"]}]},{"@type":"ImageObject","inLanguage":"es","@id":"https:\/\/rubautarres.com\/es\/celra-estrena-nova-via-ciclista\/#primaryimage","url":"https:\/\/rubautarres.com\/wp-content\/uploads\/2025\/12\/Celra.png","contentUrl":"https:\/\/rubautarres.com\/wp-content\/uploads\/2025\/12\/Celra.png","width":1280,"height":720,"caption":"Celr\u00e0"},{"@type":"BreadcrumbList","@id":"https:\/\/rubautarres.com\/es\/celra-estrena-nova-via-ciclista\/#breadcrumb","itemListElement":[{"@type":"ListItem","position":1,"name":"Portada","item":"https:\/\/rubautarres.com\/es\/"},{"@type":"ListItem","position":2,"name":"Celr\u00e0 estrena una nueva v\u00eda ciclista para conectar con Girona y fomentar la movilidad sostenible"}]},{"@type":"WebSite","@id":"https:\/\/rubautarres.com\/es\/#website","url":"https:\/\/rubautarres.com\/es\/","name":"Rubau Tarr\u00e8s","description":"Nosaltres constru\u00efm perqu\u00e8 tu avancis","publisher":{"@id":"https:\/\/rubautarres.com\/es\/#organization"},"potentialAction":[{"@type":"SearchAction","target":{"@type":"EntryPoint","urlTemplate":"https:\/\/rubautarres.com\/es\/?s={search_term_string}"},"query-input":{"@type":"PropertyValueSpecification","valueRequired":true,"valueName":"search_term_string"}}],"inLanguage":"es"},{"@type":"Organization","@id":"https:\/\/rubautarres.com\/es\/#organization","name":"Rubau Tarr\u00e8s","url":"https:\/\/rubautarres.com\/es\/","logo":{"@type":"ImageObject","inLanguage":"es","@id":"https:\/\/rubautarres.com\/es\/#\/schema\/logo\/image\/","url":"https:\/\/rubautarres.com\/wp-content\/uploads\/2024\/06\/logo.png","contentUrl":"https:\/\/rubautarres.com\/wp-content\/uploads\/2024\/06\/logo.png","width":780,"height":144,"caption":"Rubau Tarr\u00e8s"},"image":{"@id":"https:\/\/rubautarres.com\/es\/#\/schema\/logo\/image\/"},"sameAs":["https:\/\/www.facebook.com\/RubauTarresSAU","https:\/\/x.com\/rubautarres"]},{"@type":"Person","@id":"https:\/\/rubautarres.com\/es\/#\/schema\/person\/aeb438778eb106386697397c9e198f22","name":"Brunet Publicitat","image":{"@type":"ImageObject","inLanguage":"es","@id":"https:\/\/secure.gravatar.com\/avatar\/543d9f6ea22d2f4c6aa04149a3f7284850ad1bddb4a843e6ec62dd7d6789aaa7?s=96&d=mm&r=g","url":"https:\/\/secure.gravatar.com\/avatar\/543d9f6ea22d2f4c6aa04149a3f7284850ad1bddb4a843e6ec62dd7d6789aaa7?s=96&d=mm&r=g","contentUrl":"https:\/\/secure.gravatar.com\/avatar\/543d9f6ea22d2f4c6aa04149a3f7284850ad1bddb4a843e6ec62dd7d6789aaa7?s=96&d=mm&r=g","caption":"Brunet Publicitat"}}]}},"_links":{"self":[{"href":"https:\/\/rubautarres.com\/es\/wp-json\/wp\/v2\/posts\/4264","targetHints":{"allow":["GET"]}}],"collection":[{"href":"https:\/\/rubautarres.com\/es\/wp-json\/wp\/v2\/posts"}],"about":[{"href":"https:\/\/rubautarres.com\/es\/wp-json\/wp\/v2\/types\/post"}],"author":[{"embeddable":true,"href":"https:\/\/rubautarres.com\/es\/wp-json\/wp\/v2\/users\/5"}],"replies":[{"embeddable":true,"href":"https:\/\/rubautarres.com\/es\/wp-json\/wp\/v2\/comments?post=4264"}],"version-history":[{"count":5,"href":"https:\/\/rubautarres.com\/es\/wp-json\/wp\/v2\/posts\/4264\/revisions"}],"predecessor-version":[{"id":4310,"href":"https:\/\/rubautarres.com\/es\/wp-json\/wp\/v2\/posts\/4264\/revisions\/4310"}],"wp:featuredmedia":[{"embeddable":true,"href":"https:\/\/rubautarres.com\/es\/wp-json\/wp\/v2\/media\/4271"}],"wp:attachment":[{"href":"https:\/\/rubautarres.com\/es\/wp-json\/wp\/v2\/media?parent=4264"}],"wp:term":[{"taxonomy":"category","embeddable":true,"href":"https:\/\/rubautarres.com\/es\/wp-json\/wp\/v2\/categories?post=4264"},{"taxonomy":"post_tag","embeddable":true,"href":"https:\/\/rubautarres.com\/es\/wp-json\/wp\/v2\/tags?post=4264"}],"curies":[{"name":"wp","href":"https:\/\/api.w.org\/{rel}","templated":true}]}}