{"id":4285,"date":"2025-12-01T10:47:22","date_gmt":"2025-12-01T09:47:22","guid":{"rendered":"https:\/\/rubautarres.com\/?p=4285"},"modified":"2025-12-01T10:57:46","modified_gmt":"2025-12-01T09:57:46","slug":"obres-rehabilitacio-avinguda-republica-catalana","status":"publish","type":"post","link":"https:\/\/rubautarres.com\/fr\/obres-rehabilitacio-avinguda-republica-catalana\/","title":{"rendered":"Commencez les travaux de r\u00e9habilitation du pont de l\u2019Avinguda Rep\u00fablica Catalana \u00e0 Castell\u00f3 d\u2019Emp\u00faries"},"content":{"rendered":"<p>[et_pb_section fb_built=\u00a0\u00bb1&Prime; admin_label=\u00a0\u00bbsection\u00a0\u00bb _builder_version=\u00a0\u00bb4.16&Prime; global_colors_info=\u00a0\u00bb{}\u00a0\u00bb][et_pb_row admin_label=\u00a0\u00bbrow\u00a0\u00bb _builder_version=\u00a0\u00bb4.16&Prime; background_size=\u00a0\u00bbinitial\u00a0\u00bb background_position=\u00a0\u00bbtop_left\u00a0\u00bb background_repeat=\u00a0\u00bbrepeat\u00a0\u00bb global_colors_info=\u00a0\u00bb{}\u00a0\u00bb][et_pb_column type=\u00a0\u00bb4_4&Prime; _builder_version=\u00a0\u00bb4.16&Prime; custom_padding=\u00a0\u00bb|||\u00a0\u00bb global_colors_info=\u00a0\u00bb{}\u00a0\u00bb custom_padding__hover=\u00a0\u00bb|||\u00a0\u00bb][et_pb_text _builder_version=\u00a0\u00bb4.27.4&Prime; _module_preset=\u00a0\u00bbdefault\u00a0\u00bb hover_enabled=\u00a0\u00bb0&Prime; global_colors_info=\u00a0\u00bb{}\u00a0\u00bb sticky_enabled=\u00a0\u00bb0&Prime;]<\/p>\n<p>La Mairie de Castell\u00f3 d&rsquo;Emp\u00faries a mis en place les travaux de r\u00e9forme du pont de l&rsquo;Avinguda Rep\u00fablica Catalana, avec l&rsquo;objectif de remplacer l&rsquo;infrastructure actuelle par une nouvelle qui garantit une s\u00e9curit\u00e9 et une fonctionnalit\u00e9 majeures.<br \/>Le projet est adjug\u00e9 \u00e0 l&rsquo;entreprise Rubau Tarr\u00e9s, SAU, avec une somme de 631.481,47euros.<br \/>Pour permettre les d\u00e9placements, le pont qui sera mis en circulation \u00e0 partir du 3 novembre pendant une p\u00e9riode d&rsquo;une semaine.<br \/>L\u2019action pr\u00e9voit une r\u00e9novation int\u00e9grale de la structure du pont, impliquant la substitution d\u2019une structure plus s\u00fbre et adapt\u00e9e, ainsi que la majeure partie du trajet en transport en commun avec les pas d\u2019embarquement sur le canal \u00e0 parcourir.<br \/>L\u2019intervention s\u2019inscrit dans un cadre de milliers d\u2019infrastructures nautiques et urbaines des municipalit\u00e9s, avec pour objectif de garantir une mobilit\u00e9 plus s\u00fbre, adapt\u00e9e et durable.<\/p>\n<p><span style=\"font-weight: 400;\">Source: <\/span><a href=\"https:\/\/www.emporda.info\/comarca\/2025\/10\/27\/rehabiliten-pont-l-avinguda-republica-123077836.amp.html\"><i><span style=\"font-weight: 400;\">\u00abEn marxa la rehabilitaci\u00f3 del pont de l&rsquo;avinguda de la Rep\u00fablica Catalana d&rsquo;Empuriabrava\u00bb<\/span><\/i><span style=\"font-weight: 400;\"> (2025, 27 d\u2019octubre). emporda.info. https:\/\/www.emporda.info\/comarca\/2025\/10\/27\/rehabiliten-pont-l-avinguda-republica-123077836.amp.html<\/span><\/a><\/p>\n<p>[\/et_pb_text][\/et_pb_column][\/et_pb_row][\/et_pb_section][et_pb_section fb_built=\u00a0\u00bb1&Prime; admin_label=\u00a0\u00bbsection\u00a0\u00bb _builder_version=\u00a0\u00bb4.16&Prime; global_colors_info=\u00a0\u00bb{}\u00a0\u00bb][et_pb_row admin_label=\u00a0\u00bbrow\u00a0\u00bb _builder_version=\u00a0\u00bb4.16&Prime; background_size=\u00a0\u00bbinitial\u00a0\u00bb background_position=\u00a0\u00bbtop_left\u00a0\u00bb background_repeat=\u00a0\u00bbrepeat\u00a0\u00bb global_colors_info=\u00a0\u00bb{}\u00a0\u00bb][et_pb_column type=\u00a0\u00bb4_4&Prime; _builder_version=\u00a0\u00bb4.16&Prime; custom_padding=\u00a0\u00bb|||\u00a0\u00bb global_colors_info=\u00a0\u00bb{}\u00a0\u00bb custom_padding__hover=\u00a0\u00bb|||\u00a0\u00bb][et_pb_gallery gallery_ids=\u00a0\u00bb4290&Prime; show_title_and_caption=\u00a0\u00bboff\u00a0\u00bb show_pagination=\u00a0\u00bboff\u00a0\u00bb _builder_version=\u00a0\u00bb4.27.4&Prime; _module_preset=\u00a0\u00bbdefault\u00a0\u00bb global_colors_info=\u00a0\u00bb{}\u00a0\u00bb][\/et_pb_gallery][\/et_pb_column][\/et_pb_row][\/et_pb_section][et_pb_section fb_built=\u00a0\u00bb1&Prime; _builder_version=\u00a0\u00bb4.27.4&Prime; _module_preset=\u00a0\u00bbdefault\u00a0\u00bb global_colors_info=\u00a0\u00bb{}\u00a0\u00bb][et_pb_row _builder_version=\u00a0\u00bb4.27.4&Prime; _module_preset=\u00a0\u00bbdefault\u00a0\u00bb global_colors_info=\u00a0\u00bb{}\u00a0\u00bb][et_pb_column type=\u00a0\u00bb4_4&Prime; _builder_version=\u00a0\u00bb4.27.4&Prime; _module_preset=\u00a0\u00bbdefault\u00a0\u00bb global_colors_info=\u00a0\u00bb{}\u00a0\u00bb][et_pb_image _builder_version=\u00a0\u00bb4.27.4&Prime; _module_preset=\u00a0\u00bbdefault\u00a0\u00bb global_colors_info=\u00a0\u00bb{}\u00a0\u00bb][\/et_pb_image][\/et_pb_column][\/et_pb_row][\/et_pb_section]<\/p>\n","protected":false},"excerpt":{"rendered":"<p>La Mairie de Castell\u00f3 d&rsquo;Emp\u00faries a mis en place les travaux de r\u00e9forme du pont de l&rsquo;Avinguda Rep\u00fablica Catalana, avec l&rsquo;objectif de remplacer l&rsquo;infrastructure actuelle par une nouvelle qui garantit une s\u00e9curit\u00e9 et une fonctionnalit\u00e9 majeures.Le projet est adjug\u00e9 \u00e0 l&rsquo;entreprise Rubau Tarr\u00e9s, SAU, avec une somme de 631.481,47euros.Pour permettre les d\u00e9placements, le pont qui sera mis en circulation \u00e0 partir du 3 novembre pendant une p\u00e9riode d&rsquo;une semaine.L\u2019action pr\u00e9voit une r\u00e9novation int\u00e9grale de la structure du pont, impliquant la substitution d\u2019une structure plus s\u00fbre et adapt\u00e9e, ainsi que la majeure partie du trajet en transport en commun avec les pas d\u2019embarquement sur le canal \u00e0 parcourir.L\u2019intervention s\u2019inscrit dans un cadre de milliers d\u2019infrastructures nautiques et urbaines des municipalit\u00e9s, avec pour objectif de garantir une mobilit\u00e9 plus s\u00fbre, adapt\u00e9e et durable. Source: \u00abEn marxa la rehabilitaci\u00f3 del pont de l&rsquo;avinguda de la Rep\u00fablica Catalana d&rsquo;Empuriabrava\u00bb (2025, 27 d\u2019octubre). emporda.info. https:\/\/www.emporda.info\/comarca\/2025\/10\/27\/rehabiliten-pont-l-avinguda-republica-123077836.amp.html<\/p>\n","protected":false},"author":5,"featured_media":4290,"comment_status":"open","ping_status":"open","sticky":false,"template":"","format":"standard","meta":{"_acf_changed":false,"_et_pb_use_builder":"on","_et_pb_old_content":"","_et_gb_content_width":"","footnotes":""},"categories":[14],"tags":[],"class_list":["post-4285","post","type-post","status-publish","format-standard","has-post-thumbnail","hentry","category-non-classifiee"],"acf":[],"yoast_head":"<!-- This site is optimized with the Yoast SEO plugin v27.5 - https:\/\/yoast.com\/product\/yoast-seo-wordpress\/ -->\n<title>R\u00e9habilitation Pont d&#039;Empuries - Rubau Tarr\u00e8s<\/title>\n<meta name=\"description\" content=\"L&#039;Ajuntament de Castell\u00f3 d&#039;Emp\u00faries a mis en place les travaux de r\u00e9forme du pont de l&#039;Avinguda Rep\u00fablica Catalana.\" \/>\n<meta name=\"robots\" content=\"index, follow, max-snippet:-1, max-image-preview:large, max-video-preview:-1\" \/>\n<link rel=\"canonical\" href=\"https:\/\/rubautarres.com\/fr\/obres-rehabilitacio-avinguda-republica-catalana\/\" \/>\n<meta property=\"og:locale\" content=\"fr_FR\" \/>\n<meta property=\"og:type\" content=\"article\" \/>\n<meta property=\"og:title\" content=\"R\u00e9habilitation Pont d&#039;Empuries - Rubau Tarr\u00e8s\" \/>\n<meta property=\"og:description\" content=\"L&#039;Ajuntament de Castell\u00f3 d&#039;Emp\u00faries a mis en place les travaux de r\u00e9forme du pont de l&#039;Avinguda Rep\u00fablica Catalana.\" \/>\n<meta property=\"og:url\" content=\"https:\/\/rubautarres.com\/fr\/obres-rehabilitacio-avinguda-republica-catalana\/\" \/>\n<meta property=\"og:site_name\" content=\"Rubau Tarr\u00e8s\" \/>\n<meta property=\"article:publisher\" content=\"https:\/\/www.facebook.com\/RubauTarresSAU\" \/>\n<meta property=\"article:published_time\" content=\"2025-12-01T09:47:22+00:00\" \/>\n<meta property=\"article:modified_time\" content=\"2025-12-01T09:57:46+00:00\" \/>\n<meta property=\"og:image\" content=\"https:\/\/rubautarres.com\/wp-content\/uploads\/2025\/12\/Pont-Empuria.jpg\" \/>\n\t<meta property=\"og:image:width\" content=\"640\" \/>\n\t<meta property=\"og:image:height\" content=\"360\" \/>\n\t<meta property=\"og:image:type\" content=\"image\/jpeg\" \/>\n<meta name=\"author\" content=\"Brunet Publicitat\" \/>\n<meta name=\"twitter:card\" content=\"summary_large_image\" \/>\n<meta name=\"twitter:creator\" content=\"@rubautarres\" \/>\n<meta name=\"twitter:site\" content=\"@rubautarres\" \/>\n<meta name=\"twitter:label1\" content=\"\u00c9crit par\" \/>\n\t<meta name=\"twitter:data1\" content=\"Brunet Publicitat\" \/>\n\t<meta name=\"twitter:label2\" content=\"Dur\u00e9e de lecture estim\u00e9e\" \/>\n\t<meta name=\"twitter:data2\" content=\"2 minutes\" \/>\n<script type=\"application\/ld+json\" class=\"yoast-schema-graph\">{\"@context\":\"https:\\\/\\\/schema.org\",\"@graph\":[{\"@type\":\"Article\",\"@id\":\"https:\\\/\\\/rubautarres.com\\\/fr\\\/obres-rehabilitacio-avinguda-republica-catalana\\\/#article\",\"isPartOf\":{\"@id\":\"https:\\\/\\\/rubautarres.com\\\/fr\\\/obres-rehabilitacio-avinguda-republica-catalana\\\/\"},\"author\":{\"name\":\"Brunet Publicitat\",\"@id\":\"https:\\\/\\\/rubautarres.com\\\/fr\\\/#\\\/schema\\\/person\\\/aeb438778eb106386697397c9e198f22\"},\"headline\":\"Commencez les travaux de r\u00e9habilitation du pont de l\u2019Avinguda Rep\u00fablica Catalana \u00e0 Castell\u00f3 d\u2019Emp\u00faries\",\"datePublished\":\"2025-12-01T09:47:22+00:00\",\"dateModified\":\"2025-12-01T09:57:46+00:00\",\"mainEntityOfPage\":{\"@id\":\"https:\\\/\\\/rubautarres.com\\\/fr\\\/obres-rehabilitacio-avinguda-republica-catalana\\\/\"},\"wordCount\":420,\"commentCount\":0,\"publisher\":{\"@id\":\"https:\\\/\\\/rubautarres.com\\\/fr\\\/#organization\"},\"image\":{\"@id\":\"https:\\\/\\\/rubautarres.com\\\/fr\\\/obres-rehabilitacio-avinguda-republica-catalana\\\/#primaryimage\"},\"thumbnailUrl\":\"https:\\\/\\\/rubautarres.com\\\/wp-content\\\/uploads\\\/2025\\\/12\\\/Pont-Empuria.jpg\",\"articleSection\":[\"Non classifi\u00e9(e)\"],\"inLanguage\":\"fr-FR\",\"potentialAction\":[{\"@type\":\"CommentAction\",\"name\":\"Comment\",\"target\":[\"https:\\\/\\\/rubautarres.com\\\/fr\\\/obres-rehabilitacio-avinguda-republica-catalana\\\/#respond\"]}]},{\"@type\":\"WebPage\",\"@id\":\"https:\\\/\\\/rubautarres.com\\\/fr\\\/obres-rehabilitacio-avinguda-republica-catalana\\\/\",\"url\":\"https:\\\/\\\/rubautarres.com\\\/fr\\\/obres-rehabilitacio-avinguda-republica-catalana\\\/\",\"name\":\"R\u00e9habilitation Pont d'Empuries - Rubau Tarr\u00e8s\",\"isPartOf\":{\"@id\":\"https:\\\/\\\/rubautarres.com\\\/fr\\\/#website\"},\"primaryImageOfPage\":{\"@id\":\"https:\\\/\\\/rubautarres.com\\\/fr\\\/obres-rehabilitacio-avinguda-republica-catalana\\\/#primaryimage\"},\"image\":{\"@id\":\"https:\\\/\\\/rubautarres.com\\\/fr\\\/obres-rehabilitacio-avinguda-republica-catalana\\\/#primaryimage\"},\"thumbnailUrl\":\"https:\\\/\\\/rubautarres.com\\\/wp-content\\\/uploads\\\/2025\\\/12\\\/Pont-Empuria.jpg\",\"datePublished\":\"2025-12-01T09:47:22+00:00\",\"dateModified\":\"2025-12-01T09:57:46+00:00\",\"description\":\"L'Ajuntament de Castell\u00f3 d'Emp\u00faries a mis en place les travaux de r\u00e9forme du pont de l'Avinguda Rep\u00fablica Catalana.\",\"breadcrumb\":{\"@id\":\"https:\\\/\\\/rubautarres.com\\\/fr\\\/obres-rehabilitacio-avinguda-republica-catalana\\\/#breadcrumb\"},\"inLanguage\":\"fr-FR\",\"potentialAction\":[{\"@type\":\"ReadAction\",\"target\":[\"https:\\\/\\\/rubautarres.com\\\/fr\\\/obres-rehabilitacio-avinguda-republica-catalana\\\/\"]}]},{\"@type\":\"ImageObject\",\"inLanguage\":\"fr-FR\",\"@id\":\"https:\\\/\\\/rubautarres.com\\\/fr\\\/obres-rehabilitacio-avinguda-republica-catalana\\\/#primaryimage\",\"url\":\"https:\\\/\\\/rubautarres.com\\\/wp-content\\\/uploads\\\/2025\\\/12\\\/Pont-Empuria.jpg\",\"contentUrl\":\"https:\\\/\\\/rubautarres.com\\\/wp-content\\\/uploads\\\/2025\\\/12\\\/Pont-Empuria.jpg\",\"width\":640,\"height\":360,\"caption\":\"Pont Empuria\"},{\"@type\":\"BreadcrumbList\",\"@id\":\"https:\\\/\\\/rubautarres.com\\\/fr\\\/obres-rehabilitacio-avinguda-republica-catalana\\\/#breadcrumb\",\"itemListElement\":[{\"@type\":\"ListItem\",\"position\":1,\"name\":\"Portada\",\"item\":\"https:\\\/\\\/rubautarres.com\\\/fr\\\/\"},{\"@type\":\"ListItem\",\"position\":2,\"name\":\"Commencez les travaux de r\u00e9habilitation du pont de l\u2019Avinguda Rep\u00fablica Catalana \u00e0 Castell\u00f3 d\u2019Emp\u00faries\"}]},{\"@type\":\"WebSite\",\"@id\":\"https:\\\/\\\/rubautarres.com\\\/fr\\\/#website\",\"url\":\"https:\\\/\\\/rubautarres.com\\\/fr\\\/\",\"name\":\"Rubau Tarr\u00e8s\",\"description\":\"Nosaltres constru\u00efm perqu\u00e8 tu avancis\",\"publisher\":{\"@id\":\"https:\\\/\\\/rubautarres.com\\\/fr\\\/#organization\"},\"potentialAction\":[{\"@type\":\"SearchAction\",\"target\":{\"@type\":\"EntryPoint\",\"urlTemplate\":\"https:\\\/\\\/rubautarres.com\\\/fr\\\/?s={search_term_string}\"},\"query-input\":{\"@type\":\"PropertyValueSpecification\",\"valueRequired\":true,\"valueName\":\"search_term_string\"}}],\"inLanguage\":\"fr-FR\"},{\"@type\":\"Organization\",\"@id\":\"https:\\\/\\\/rubautarres.com\\\/fr\\\/#organization\",\"name\":\"Rubau Tarr\u00e8s\",\"url\":\"https:\\\/\\\/rubautarres.com\\\/fr\\\/\",\"logo\":{\"@type\":\"ImageObject\",\"inLanguage\":\"fr-FR\",\"@id\":\"https:\\\/\\\/rubautarres.com\\\/fr\\\/#\\\/schema\\\/logo\\\/image\\\/\",\"url\":\"https:\\\/\\\/rubautarres.com\\\/wp-content\\\/uploads\\\/2024\\\/06\\\/logo.png\",\"contentUrl\":\"https:\\\/\\\/rubautarres.com\\\/wp-content\\\/uploads\\\/2024\\\/06\\\/logo.png\",\"width\":780,\"height\":144,\"caption\":\"Rubau Tarr\u00e8s\"},\"image\":{\"@id\":\"https:\\\/\\\/rubautarres.com\\\/fr\\\/#\\\/schema\\\/logo\\\/image\\\/\"},\"sameAs\":[\"https:\\\/\\\/www.facebook.com\\\/RubauTarresSAU\",\"https:\\\/\\\/x.com\\\/rubautarres\"]},{\"@type\":\"Person\",\"@id\":\"https:\\\/\\\/rubautarres.com\\\/fr\\\/#\\\/schema\\\/person\\\/aeb438778eb106386697397c9e198f22\",\"name\":\"Brunet Publicitat\",\"image\":{\"@type\":\"ImageObject\",\"inLanguage\":\"fr-FR\",\"@id\":\"https:\\\/\\\/secure.gravatar.com\\\/avatar\\\/543d9f6ea22d2f4c6aa04149a3f7284850ad1bddb4a843e6ec62dd7d6789aaa7?s=96&d=mm&r=g\",\"url\":\"https:\\\/\\\/secure.gravatar.com\\\/avatar\\\/543d9f6ea22d2f4c6aa04149a3f7284850ad1bddb4a843e6ec62dd7d6789aaa7?s=96&d=mm&r=g\",\"contentUrl\":\"https:\\\/\\\/secure.gravatar.com\\\/avatar\\\/543d9f6ea22d2f4c6aa04149a3f7284850ad1bddb4a843e6ec62dd7d6789aaa7?s=96&d=mm&r=g\",\"caption\":\"Brunet Publicitat\"}}]}<\/script>\n<!-- \/ Yoast SEO plugin. -->","yoast_head_json":{"title":"R\u00e9habilitation Pont d'Empuries - Rubau Tarr\u00e8s","description":"L'Ajuntament de Castell\u00f3 d'Emp\u00faries a mis en place les travaux de r\u00e9forme du pont de l'Avinguda Rep\u00fablica Catalana.","robots":{"index":"index","follow":"follow","max-snippet":"max-snippet:-1","max-image-preview":"max-image-preview:large","max-video-preview":"max-video-preview:-1"},"canonical":"https:\/\/rubautarres.com\/fr\/obres-rehabilitacio-avinguda-republica-catalana\/","og_locale":"fr_FR","og_type":"article","og_title":"R\u00e9habilitation Pont d'Empuries - Rubau Tarr\u00e8s","og_description":"L'Ajuntament de Castell\u00f3 d'Emp\u00faries a mis en place les travaux de r\u00e9forme du pont de l'Avinguda Rep\u00fablica Catalana.","og_url":"https:\/\/rubautarres.com\/fr\/obres-rehabilitacio-avinguda-republica-catalana\/","og_site_name":"Rubau Tarr\u00e8s","article_publisher":"https:\/\/www.facebook.com\/RubauTarresSAU","article_published_time":"2025-12-01T09:47:22+00:00","article_modified_time":"2025-12-01T09:57:46+00:00","og_image":[{"width":640,"height":360,"url":"https:\/\/rubautarres.com\/wp-content\/uploads\/2025\/12\/Pont-Empuria.jpg","type":"image\/jpeg"}],"author":"Brunet Publicitat","twitter_card":"summary_large_image","twitter_creator":"@rubautarres","twitter_site":"@rubautarres","twitter_misc":{"\u00c9crit par":"Brunet Publicitat","Dur\u00e9e de lecture estim\u00e9e":"2 minutes"},"schema":{"@context":"https:\/\/schema.org","@graph":[{"@type":"Article","@id":"https:\/\/rubautarres.com\/fr\/obres-rehabilitacio-avinguda-republica-catalana\/#article","isPartOf":{"@id":"https:\/\/rubautarres.com\/fr\/obres-rehabilitacio-avinguda-republica-catalana\/"},"author":{"name":"Brunet Publicitat","@id":"https:\/\/rubautarres.com\/fr\/#\/schema\/person\/aeb438778eb106386697397c9e198f22"},"headline":"Commencez les travaux de r\u00e9habilitation du pont de l\u2019Avinguda Rep\u00fablica Catalana \u00e0 Castell\u00f3 d\u2019Emp\u00faries","datePublished":"2025-12-01T09:47:22+00:00","dateModified":"2025-12-01T09:57:46+00:00","mainEntityOfPage":{"@id":"https:\/\/rubautarres.com\/fr\/obres-rehabilitacio-avinguda-republica-catalana\/"},"wordCount":420,"commentCount":0,"publisher":{"@id":"https:\/\/rubautarres.com\/fr\/#organization"},"image":{"@id":"https:\/\/rubautarres.com\/fr\/obres-rehabilitacio-avinguda-republica-catalana\/#primaryimage"},"thumbnailUrl":"https:\/\/rubautarres.com\/wp-content\/uploads\/2025\/12\/Pont-Empuria.jpg","articleSection":["Non classifi\u00e9(e)"],"inLanguage":"fr-FR","potentialAction":[{"@type":"CommentAction","name":"Comment","target":["https:\/\/rubautarres.com\/fr\/obres-rehabilitacio-avinguda-republica-catalana\/#respond"]}]},{"@type":"WebPage","@id":"https:\/\/rubautarres.com\/fr\/obres-rehabilitacio-avinguda-republica-catalana\/","url":"https:\/\/rubautarres.com\/fr\/obres-rehabilitacio-avinguda-republica-catalana\/","name":"R\u00e9habilitation Pont d'Empuries - Rubau Tarr\u00e8s","isPartOf":{"@id":"https:\/\/rubautarres.com\/fr\/#website"},"primaryImageOfPage":{"@id":"https:\/\/rubautarres.com\/fr\/obres-rehabilitacio-avinguda-republica-catalana\/#primaryimage"},"image":{"@id":"https:\/\/rubautarres.com\/fr\/obres-rehabilitacio-avinguda-republica-catalana\/#primaryimage"},"thumbnailUrl":"https:\/\/rubautarres.com\/wp-content\/uploads\/2025\/12\/Pont-Empuria.jpg","datePublished":"2025-12-01T09:47:22+00:00","dateModified":"2025-12-01T09:57:46+00:00","description":"L'Ajuntament de Castell\u00f3 d'Emp\u00faries a mis en place les travaux de r\u00e9forme du pont de l'Avinguda Rep\u00fablica Catalana.","breadcrumb":{"@id":"https:\/\/rubautarres.com\/fr\/obres-rehabilitacio-avinguda-republica-catalana\/#breadcrumb"},"inLanguage":"fr-FR","potentialAction":[{"@type":"ReadAction","target":["https:\/\/rubautarres.com\/fr\/obres-rehabilitacio-avinguda-republica-catalana\/"]}]},{"@type":"ImageObject","inLanguage":"fr-FR","@id":"https:\/\/rubautarres.com\/fr\/obres-rehabilitacio-avinguda-republica-catalana\/#primaryimage","url":"https:\/\/rubautarres.com\/wp-content\/uploads\/2025\/12\/Pont-Empuria.jpg","contentUrl":"https:\/\/rubautarres.com\/wp-content\/uploads\/2025\/12\/Pont-Empuria.jpg","width":640,"height":360,"caption":"Pont Empuria"},{"@type":"BreadcrumbList","@id":"https:\/\/rubautarres.com\/fr\/obres-rehabilitacio-avinguda-republica-catalana\/#breadcrumb","itemListElement":[{"@type":"ListItem","position":1,"name":"Portada","item":"https:\/\/rubautarres.com\/fr\/"},{"@type":"ListItem","position":2,"name":"Commencez les travaux de r\u00e9habilitation du pont de l\u2019Avinguda Rep\u00fablica Catalana \u00e0 Castell\u00f3 d\u2019Emp\u00faries"}]},{"@type":"WebSite","@id":"https:\/\/rubautarres.com\/fr\/#website","url":"https:\/\/rubautarres.com\/fr\/","name":"Rubau Tarr\u00e8s","description":"Nosaltres constru\u00efm perqu\u00e8 tu avancis","publisher":{"@id":"https:\/\/rubautarres.com\/fr\/#organization"},"potentialAction":[{"@type":"SearchAction","target":{"@type":"EntryPoint","urlTemplate":"https:\/\/rubautarres.com\/fr\/?s={search_term_string}"},"query-input":{"@type":"PropertyValueSpecification","valueRequired":true,"valueName":"search_term_string"}}],"inLanguage":"fr-FR"},{"@type":"Organization","@id":"https:\/\/rubautarres.com\/fr\/#organization","name":"Rubau Tarr\u00e8s","url":"https:\/\/rubautarres.com\/fr\/","logo":{"@type":"ImageObject","inLanguage":"fr-FR","@id":"https:\/\/rubautarres.com\/fr\/#\/schema\/logo\/image\/","url":"https:\/\/rubautarres.com\/wp-content\/uploads\/2024\/06\/logo.png","contentUrl":"https:\/\/rubautarres.com\/wp-content\/uploads\/2024\/06\/logo.png","width":780,"height":144,"caption":"Rubau Tarr\u00e8s"},"image":{"@id":"https:\/\/rubautarres.com\/fr\/#\/schema\/logo\/image\/"},"sameAs":["https:\/\/www.facebook.com\/RubauTarresSAU","https:\/\/x.com\/rubautarres"]},{"@type":"Person","@id":"https:\/\/rubautarres.com\/fr\/#\/schema\/person\/aeb438778eb106386697397c9e198f22","name":"Brunet Publicitat","image":{"@type":"ImageObject","inLanguage":"fr-FR","@id":"https:\/\/secure.gravatar.com\/avatar\/543d9f6ea22d2f4c6aa04149a3f7284850ad1bddb4a843e6ec62dd7d6789aaa7?s=96&d=mm&r=g","url":"https:\/\/secure.gravatar.com\/avatar\/543d9f6ea22d2f4c6aa04149a3f7284850ad1bddb4a843e6ec62dd7d6789aaa7?s=96&d=mm&r=g","contentUrl":"https:\/\/secure.gravatar.com\/avatar\/543d9f6ea22d2f4c6aa04149a3f7284850ad1bddb4a843e6ec62dd7d6789aaa7?s=96&d=mm&r=g","caption":"Brunet Publicitat"}}]}},"_links":{"self":[{"href":"https:\/\/rubautarres.com\/fr\/wp-json\/wp\/v2\/posts\/4285","targetHints":{"allow":["GET"]}}],"collection":[{"href":"https:\/\/rubautarres.com\/fr\/wp-json\/wp\/v2\/posts"}],"about":[{"href":"https:\/\/rubautarres.com\/fr\/wp-json\/wp\/v2\/types\/post"}],"author":[{"embeddable":true,"href":"https:\/\/rubautarres.com\/fr\/wp-json\/wp\/v2\/users\/5"}],"replies":[{"embeddable":true,"href":"https:\/\/rubautarres.com\/fr\/wp-json\/wp\/v2\/comments?post=4285"}],"version-history":[{"count":5,"href":"https:\/\/rubautarres.com\/fr\/wp-json\/wp\/v2\/posts\/4285\/revisions"}],"predecessor-version":[{"id":4304,"href":"https:\/\/rubautarres.com\/fr\/wp-json\/wp\/v2\/posts\/4285\/revisions\/4304"}],"wp:featuredmedia":[{"embeddable":true,"href":"https:\/\/rubautarres.com\/fr\/wp-json\/wp\/v2\/media\/4290"}],"wp:attachment":[{"href":"https:\/\/rubautarres.com\/fr\/wp-json\/wp\/v2\/media?parent=4285"}],"wp:term":[{"taxonomy":"category","embeddable":true,"href":"https:\/\/rubautarres.com\/fr\/wp-json\/wp\/v2\/categories?post=4285"},{"taxonomy":"post_tag","embeddable":true,"href":"https:\/\/rubautarres.com\/fr\/wp-json\/wp\/v2\/tags?post=4285"}],"curies":[{"name":"wp","href":"https:\/\/api.w.org\/{rel}","templated":true}]}}