{"id":4538,"date":"2026-04-16T14:34:05","date_gmt":"2026-04-16T12:34:05","guid":{"rendered":"https:\/\/rubautarres.com\/macanet-va-executar-asfaltatge\/"},"modified":"2026-04-16T14:36:47","modified_gmt":"2026-04-16T12:36:47","slug":"macanet-va-executar-asfaltatge","status":"publish","type":"post","link":"https:\/\/rubautarres.com\/fr\/macanet-va-executar-asfaltatge\/","title":{"rendered":"Ma\u00e7anet a ex\u00e9cut\u00e9 l&rsquo;asphaltation de la rue des Pyr\u00e9n\u00e9es et d&rsquo;autres voies du centre urbain"},"content":{"rendered":"<p>[et_pb_section fb_built=\u00a0\u00bb1&Prime; admin_label=\u00a0\u00bbsection\u00a0\u00bb _builder_version=\u00a0\u00bb4.16&Prime; global_colors_info=\u00a0\u00bb{}\u00a0\u00bb][et_pb_row admin_label=\u00a0\u00bbrow\u00a0\u00bb _builder_version=\u00a0\u00bb4.16&Prime; background_size=\u00a0\u00bbinitial\u00a0\u00bb background_position=\u00a0\u00bbtop_left\u00a0\u00bb background_repeat=\u00a0\u00bbrepeat\u00a0\u00bb global_colors_info=\u00a0\u00bb{}\u00a0\u00bb][et_pb_column type=\u00a0\u00bb4_4&Prime; _builder_version=\u00a0\u00bb4.16&Prime; custom_padding=\u00a0\u00bb|||\u00a0\u00bb global_colors_info=\u00a0\u00bb{}\u00a0\u00bb custom_padding__hover=\u00a0\u00bb|||\u00a0\u00bb][et_pb_text _builder_version=\u00a0\u00bb4.27.4&Prime; _module_preset=\u00a0\u00bbdefault\u00a0\u00bb hover_enabled=\u00a0\u00bb0&Prime; global_colors_info=\u00a0\u00bb{}\u00a0\u00bb sticky_enabled=\u00a0\u00bb0&Prime;]<\/p>\n<p>La Mairie de Ma\u00e7anet a r\u00e9alis\u00e9 un ensemble d\u2019actions d\u2019am\u00e9lioration routi\u00e8re centr\u00e9es sur l\u2019asphaltation de la rue des Pyr\u00e9n\u00e9es, ainsi que sur des tron\u00e7ons de la rue de la Fira et de la rue du Montseny, dans un plan d\u2019am\u00e9lioration progressive du r\u00e9seau routier urbain.<\/p>\n<p>Cette intervention a donn\u00e9 une continuit\u00e9 aux actions engag\u00e9es au cours de la l\u00e9gislature pr\u00e9c\u00e9dente, o\u00f9 l\u2019am\u00e9lioration d\u2019autres rues de la municipalit\u00e9 a d\u00e9j\u00e0 \u00e9t\u00e9 ex\u00e9cut\u00e9e, et a permis d\u2019avancer dans le renouvellement des principales routes en suspens.<\/p>\n<p>Les travaux ne se sont pas limit\u00e9s uniquement \u00e0 l&rsquo;asphaltation de la chauss\u00e9e, mais ont \u00e9galement inclus des actions compl\u00e9mentaires visant \u00e0 am\u00e9liorer l&rsquo;environnement urbain et les conditions de circulation, dans le but de renforcer la s\u00e9curit\u00e9 routi\u00e8re et la qualit\u00e9 de l&rsquo;espace public.<\/p>\n<p>Cette action a \u00e9t\u00e9 rendue possible gr\u00e2ce au financement du Plan Unique des Travaux et Services de Catalogne (PUOSC), qui a permis \u00e0 la Mairie d\u2019ex\u00e9cuter ces am\u00e9liorations dans le cadre de son programme d\u2019investissement<\/p>\n<p>Voir la vid\u00e9o compl\u00e8te: <a href=\"https:\/\/www.facebook.com\/reel\/919664267726031\">https:\/\/www.facebook.com\/reel\/919664267726031<\/a><\/p>\n<p>[\/et_pb_text][\/et_pb_column][\/et_pb_row][\/et_pb_section]<\/p>\n","protected":false},"excerpt":{"rendered":"<p>La Mairie de Ma\u00e7anet a r\u00e9alis\u00e9 un ensemble d\u2019actions d\u2019am\u00e9lioration routi\u00e8re centr\u00e9es sur l\u2019asphaltation de la rue des Pyr\u00e9n\u00e9es, ainsi que sur des tron\u00e7ons de la rue de la Fira et de la rue du Montseny, dans un plan d\u2019am\u00e9lioration progressive du r\u00e9seau routier urbain. Cette intervention a donn\u00e9 une continuit\u00e9 aux actions engag\u00e9es au cours de la l\u00e9gislature pr\u00e9c\u00e9dente, o\u00f9 l\u2019am\u00e9lioration d\u2019autres rues de la municipalit\u00e9 a d\u00e9j\u00e0 \u00e9t\u00e9 ex\u00e9cut\u00e9e, et a permis d\u2019avancer dans le renouvellement des principales routes en suspens. Les travaux ne se sont pas limit\u00e9s uniquement \u00e0 l&rsquo;asphaltation de la chauss\u00e9e, mais ont \u00e9galement inclus des actions compl\u00e9mentaires visant \u00e0 am\u00e9liorer l&rsquo;environnement urbain et les conditions de circulation, dans le but de renforcer la s\u00e9curit\u00e9 routi\u00e8re et la qualit\u00e9 de l&rsquo;espace public. Cette action a \u00e9t\u00e9 rendue possible gr\u00e2ce au financement du Plan Unique des Travaux et Services de Catalogne (PUOSC), qui a permis \u00e0 la Mairie d\u2019ex\u00e9cuter ces am\u00e9liorations dans le cadre de son programme d\u2019investissement Voir la vid\u00e9o compl\u00e8te: https:\/\/www.facebook.com\/reel\/919664267726031<\/p>\n","protected":false},"author":5,"featured_media":4533,"comment_status":"open","ping_status":"open","sticky":false,"template":"","format":"standard","meta":{"_acf_changed":false,"_et_pb_use_builder":"on","_et_pb_old_content":"","_et_gb_content_width":"","footnotes":""},"categories":[14],"tags":[],"class_list":["post-4538","post","type-post","status-publish","format-standard","has-post-thumbnail","hentry","category-non-classifiee"],"acf":[],"yoast_head":"<!-- This site is optimized with the Yoast SEO plugin v28.4 - https:\/\/yoast.com\/product\/yoast-seo-wordpress\/ -->\n<title>Ma\u00e7anet a ex\u00e9cut\u00e9 l&#039;asphalte - Rubau Tarr\u00e8s<\/title>\n<meta name=\"description\" content=\"Ma\u00e7anet a ex\u00e9cut\u00e9 l&#039;asphaltation de la rue des Pyr\u00e9n\u00e9es et d&#039;autres voies du centre urbain\" \/>\n<meta name=\"robots\" content=\"index, follow, max-snippet:-1, max-image-preview:large, max-video-preview:-1\" \/>\n<link rel=\"canonical\" href=\"https:\/\/rubautarres.com\/fr\/macanet-va-executar-asfaltatge\/\" \/>\n<meta property=\"og:locale\" content=\"fr_FR\" \/>\n<meta property=\"og:type\" content=\"article\" \/>\n<meta property=\"og:title\" content=\"Ma\u00e7anet a ex\u00e9cut\u00e9 l&#039;asphalte - Rubau Tarr\u00e8s\" \/>\n<meta property=\"og:description\" content=\"Ma\u00e7anet a ex\u00e9cut\u00e9 l&#039;asphaltation de la rue des Pyr\u00e9n\u00e9es et d&#039;autres voies du centre urbain\" \/>\n<meta property=\"og:url\" content=\"https:\/\/rubautarres.com\/fr\/macanet-va-executar-asfaltatge\/\" \/>\n<meta property=\"og:site_name\" content=\"Rubau Tarr\u00e8s\" \/>\n<meta property=\"article:publisher\" content=\"https:\/\/www.facebook.com\/RubauTarresSAU\" \/>\n<meta property=\"article:published_time\" content=\"2026-04-16T12:34:05+00:00\" \/>\n<meta property=\"article:modified_time\" content=\"2026-04-16T12:36:47+00:00\" \/>\n<meta property=\"og:image\" content=\"https:\/\/rubautarres.com\/wp-content\/uploads\/2026\/04\/Rubau-Tarres_Macanet-de-la-Selva-01-003.jpg\" \/>\n\t<meta property=\"og:image:width\" content=\"2667\" \/>\n\t<meta property=\"og:image:height\" content=\"1501\" \/>\n\t<meta property=\"og:image:type\" content=\"image\/jpeg\" \/>\n<meta name=\"author\" content=\"Brunet Publicitat\" \/>\n<meta name=\"twitter:card\" content=\"summary_large_image\" \/>\n<meta name=\"twitter:creator\" content=\"@rubautarres\" \/>\n<meta name=\"twitter:site\" content=\"@rubautarres\" \/>\n<meta name=\"twitter:label1\" content=\"\u00c9crit par\" \/>\n\t<meta name=\"twitter:data1\" content=\"Brunet Publicitat\" \/>\n\t<meta name=\"twitter:label2\" content=\"Dur\u00e9e de lecture estim\u00e9e\" \/>\n\t<meta name=\"twitter:data2\" content=\"2 minutes\" \/>\n<script type=\"application\/ld+json\" class=\"yoast-schema-graph\">{\"@context\":\"https:\\\/\\\/schema.org\",\"@graph\":[{\"@type\":\"Article\",\"@id\":\"https:\\\/\\\/rubautarres.com\\\/fr\\\/macanet-va-executar-asfaltatge\\\/#article\",\"isPartOf\":{\"@id\":\"https:\\\/\\\/rubautarres.com\\\/fr\\\/macanet-va-executar-asfaltatge\\\/\"},\"author\":{\"name\":\"Brunet Publicitat\",\"@id\":\"https:\\\/\\\/rubautarres.com\\\/fr\\\/#\\\/schema\\\/person\\\/aeb438778eb106386697397c9e198f22\"},\"headline\":\"Ma\u00e7anet a ex\u00e9cut\u00e9 l&rsquo;asphaltation de la rue des Pyr\u00e9n\u00e9es et d&rsquo;autres voies du centre urbain\",\"datePublished\":\"2026-04-16T12:34:05+00:00\",\"dateModified\":\"2026-04-16T12:36:47+00:00\",\"mainEntityOfPage\":{\"@id\":\"https:\\\/\\\/rubautarres.com\\\/fr\\\/macanet-va-executar-asfaltatge\\\/\"},\"wordCount\":305,\"commentCount\":0,\"publisher\":{\"@id\":\"https:\\\/\\\/rubautarres.com\\\/fr\\\/#organization\"},\"image\":{\"@id\":\"https:\\\/\\\/rubautarres.com\\\/fr\\\/macanet-va-executar-asfaltatge\\\/#primaryimage\"},\"thumbnailUrl\":\"https:\\\/\\\/rubautarres.com\\\/wp-content\\\/uploads\\\/2026\\\/04\\\/Rubau-Tarres_Macanet-de-la-Selva-01-003.jpg\",\"articleSection\":[\"Non classifi\u00e9(e)\"],\"inLanguage\":\"fr-FR\",\"potentialAction\":[{\"@type\":\"CommentAction\",\"name\":\"Comment\",\"target\":[\"https:\\\/\\\/rubautarres.com\\\/fr\\\/macanet-va-executar-asfaltatge\\\/#respond\"]}]},{\"@type\":\"WebPage\",\"@id\":\"https:\\\/\\\/rubautarres.com\\\/fr\\\/macanet-va-executar-asfaltatge\\\/\",\"url\":\"https:\\\/\\\/rubautarres.com\\\/fr\\\/macanet-va-executar-asfaltatge\\\/\",\"name\":\"Ma\u00e7anet a ex\u00e9cut\u00e9 l'asphalte - Rubau Tarr\u00e8s\",\"isPartOf\":{\"@id\":\"https:\\\/\\\/rubautarres.com\\\/fr\\\/#website\"},\"primaryImageOfPage\":{\"@id\":\"https:\\\/\\\/rubautarres.com\\\/fr\\\/macanet-va-executar-asfaltatge\\\/#primaryimage\"},\"image\":{\"@id\":\"https:\\\/\\\/rubautarres.com\\\/fr\\\/macanet-va-executar-asfaltatge\\\/#primaryimage\"},\"thumbnailUrl\":\"https:\\\/\\\/rubautarres.com\\\/wp-content\\\/uploads\\\/2026\\\/04\\\/Rubau-Tarres_Macanet-de-la-Selva-01-003.jpg\",\"datePublished\":\"2026-04-16T12:34:05+00:00\",\"dateModified\":\"2026-04-16T12:36:47+00:00\",\"description\":\"Ma\u00e7anet a ex\u00e9cut\u00e9 l'asphaltation de la rue des Pyr\u00e9n\u00e9es et d'autres voies du centre urbain\",\"breadcrumb\":{\"@id\":\"https:\\\/\\\/rubautarres.com\\\/fr\\\/macanet-va-executar-asfaltatge\\\/#breadcrumb\"},\"inLanguage\":\"fr-FR\",\"potentialAction\":[{\"@type\":\"ReadAction\",\"target\":[\"https:\\\/\\\/rubautarres.com\\\/fr\\\/macanet-va-executar-asfaltatge\\\/\"]}]},{\"@type\":\"ImageObject\",\"inLanguage\":\"fr-FR\",\"@id\":\"https:\\\/\\\/rubautarres.com\\\/fr\\\/macanet-va-executar-asfaltatge\\\/#primaryimage\",\"url\":\"https:\\\/\\\/rubautarres.com\\\/wp-content\\\/uploads\\\/2026\\\/04\\\/Rubau-Tarres_Macanet-de-la-Selva-01-003.jpg\",\"contentUrl\":\"https:\\\/\\\/rubautarres.com\\\/wp-content\\\/uploads\\\/2026\\\/04\\\/Rubau-Tarres_Macanet-de-la-Selva-01-003.jpg\",\"width\":2667,\"height\":1501,\"caption\":\"Ma\u00e7anet va executar l\u2019asfaltatge\"},{\"@type\":\"BreadcrumbList\",\"@id\":\"https:\\\/\\\/rubautarres.com\\\/fr\\\/macanet-va-executar-asfaltatge\\\/#breadcrumb\",\"itemListElement\":[{\"@type\":\"ListItem\",\"position\":1,\"name\":\"Portada\",\"item\":\"https:\\\/\\\/rubautarres.com\\\/fr\\\/\"},{\"@type\":\"ListItem\",\"position\":2,\"name\":\"Ma\u00e7anet a ex\u00e9cut\u00e9 l&#8217;asphaltation de la rue des Pyr\u00e9n\u00e9es et d&#8217;autres voies du centre urbain\"}]},{\"@type\":\"WebSite\",\"@id\":\"https:\\\/\\\/rubautarres.com\\\/fr\\\/#website\",\"url\":\"https:\\\/\\\/rubautarres.com\\\/fr\\\/\",\"name\":\"Rubau Tarr\u00e8s\",\"description\":\"Nosaltres constru\u00efm perqu\u00e8 tu avancis\",\"publisher\":{\"@id\":\"https:\\\/\\\/rubautarres.com\\\/fr\\\/#organization\"},\"potentialAction\":[{\"@type\":\"SearchAction\",\"target\":{\"@type\":\"EntryPoint\",\"urlTemplate\":\"https:\\\/\\\/rubautarres.com\\\/fr\\\/?s={search_term_string}\"},\"query-input\":{\"@type\":\"PropertyValueSpecification\",\"valueRequired\":true,\"valueName\":\"search_term_string\"}}],\"inLanguage\":\"fr-FR\"},{\"@type\":\"Organization\",\"@id\":\"https:\\\/\\\/rubautarres.com\\\/fr\\\/#organization\",\"name\":\"Rubau Tarr\u00e8s\",\"url\":\"https:\\\/\\\/rubautarres.com\\\/fr\\\/\",\"logo\":{\"@type\":\"ImageObject\",\"inLanguage\":\"fr-FR\",\"@id\":\"https:\\\/\\\/rubautarres.com\\\/fr\\\/#\\\/schema\\\/logo\\\/image\\\/\",\"url\":\"https:\\\/\\\/rubautarres.com\\\/wp-content\\\/uploads\\\/2024\\\/06\\\/logo.png\",\"contentUrl\":\"https:\\\/\\\/rubautarres.com\\\/wp-content\\\/uploads\\\/2024\\\/06\\\/logo.png\",\"width\":780,\"height\":144,\"caption\":\"Rubau Tarr\u00e8s\"},\"image\":{\"@id\":\"https:\\\/\\\/rubautarres.com\\\/fr\\\/#\\\/schema\\\/logo\\\/image\\\/\"},\"sameAs\":[\"https:\\\/\\\/www.facebook.com\\\/RubauTarresSAU\",\"https:\\\/\\\/x.com\\\/rubautarres\"]},{\"@type\":\"Person\",\"@id\":\"https:\\\/\\\/rubautarres.com\\\/fr\\\/#\\\/schema\\\/person\\\/aeb438778eb106386697397c9e198f22\",\"name\":\"Brunet Publicitat\",\"image\":{\"@type\":\"ImageObject\",\"inLanguage\":\"fr-FR\",\"@id\":\"https:\\\/\\\/secure.gravatar.com\\\/avatar\\\/543d9f6ea22d2f4c6aa04149a3f7284850ad1bddb4a843e6ec62dd7d6789aaa7?s=96&d=mm&r=g\",\"url\":\"https:\\\/\\\/secure.gravatar.com\\\/avatar\\\/543d9f6ea22d2f4c6aa04149a3f7284850ad1bddb4a843e6ec62dd7d6789aaa7?s=96&d=mm&r=g\",\"contentUrl\":\"https:\\\/\\\/secure.gravatar.com\\\/avatar\\\/543d9f6ea22d2f4c6aa04149a3f7284850ad1bddb4a843e6ec62dd7d6789aaa7?s=96&d=mm&r=g\",\"caption\":\"Brunet Publicitat\"}}]}<\/script>\n<!-- \/ Yoast SEO plugin. -->","yoast_head_json":{"title":"Ma\u00e7anet a ex\u00e9cut\u00e9 l'asphalte - Rubau Tarr\u00e8s","description":"Ma\u00e7anet a ex\u00e9cut\u00e9 l'asphaltation de la rue des Pyr\u00e9n\u00e9es et d'autres voies du centre urbain","robots":{"index":"index","follow":"follow","max-snippet":"max-snippet:-1","max-image-preview":"max-image-preview:large","max-video-preview":"max-video-preview:-1"},"canonical":"https:\/\/rubautarres.com\/fr\/macanet-va-executar-asfaltatge\/","og_locale":"fr_FR","og_type":"article","og_title":"Ma\u00e7anet a ex\u00e9cut\u00e9 l'asphalte - Rubau Tarr\u00e8s","og_description":"Ma\u00e7anet a ex\u00e9cut\u00e9 l'asphaltation de la rue des Pyr\u00e9n\u00e9es et d'autres voies du centre urbain","og_url":"https:\/\/rubautarres.com\/fr\/macanet-va-executar-asfaltatge\/","og_site_name":"Rubau Tarr\u00e8s","article_publisher":"https:\/\/www.facebook.com\/RubauTarresSAU","article_published_time":"2026-04-16T12:34:05+00:00","article_modified_time":"2026-04-16T12:36:47+00:00","og_image":[{"width":2667,"height":1501,"url":"https:\/\/rubautarres.com\/wp-content\/uploads\/2026\/04\/Rubau-Tarres_Macanet-de-la-Selva-01-003.jpg","type":"image\/jpeg"}],"author":"Brunet Publicitat","twitter_card":"summary_large_image","twitter_creator":"@rubautarres","twitter_site":"@rubautarres","twitter_misc":{"\u00c9crit par":"Brunet Publicitat","Dur\u00e9e de lecture estim\u00e9e":"2 minutes"},"schema":{"@context":"https:\/\/schema.org","@graph":[{"@type":"Article","@id":"https:\/\/rubautarres.com\/fr\/macanet-va-executar-asfaltatge\/#article","isPartOf":{"@id":"https:\/\/rubautarres.com\/fr\/macanet-va-executar-asfaltatge\/"},"author":{"name":"Brunet Publicitat","@id":"https:\/\/rubautarres.com\/fr\/#\/schema\/person\/aeb438778eb106386697397c9e198f22"},"headline":"Ma\u00e7anet a ex\u00e9cut\u00e9 l&rsquo;asphaltation de la rue des Pyr\u00e9n\u00e9es et d&rsquo;autres voies du centre urbain","datePublished":"2026-04-16T12:34:05+00:00","dateModified":"2026-04-16T12:36:47+00:00","mainEntityOfPage":{"@id":"https:\/\/rubautarres.com\/fr\/macanet-va-executar-asfaltatge\/"},"wordCount":305,"commentCount":0,"publisher":{"@id":"https:\/\/rubautarres.com\/fr\/#organization"},"image":{"@id":"https:\/\/rubautarres.com\/fr\/macanet-va-executar-asfaltatge\/#primaryimage"},"thumbnailUrl":"https:\/\/rubautarres.com\/wp-content\/uploads\/2026\/04\/Rubau-Tarres_Macanet-de-la-Selva-01-003.jpg","articleSection":["Non classifi\u00e9(e)"],"inLanguage":"fr-FR","potentialAction":[{"@type":"CommentAction","name":"Comment","target":["https:\/\/rubautarres.com\/fr\/macanet-va-executar-asfaltatge\/#respond"]}]},{"@type":"WebPage","@id":"https:\/\/rubautarres.com\/fr\/macanet-va-executar-asfaltatge\/","url":"https:\/\/rubautarres.com\/fr\/macanet-va-executar-asfaltatge\/","name":"Ma\u00e7anet a ex\u00e9cut\u00e9 l'asphalte - Rubau Tarr\u00e8s","isPartOf":{"@id":"https:\/\/rubautarres.com\/fr\/#website"},"primaryImageOfPage":{"@id":"https:\/\/rubautarres.com\/fr\/macanet-va-executar-asfaltatge\/#primaryimage"},"image":{"@id":"https:\/\/rubautarres.com\/fr\/macanet-va-executar-asfaltatge\/#primaryimage"},"thumbnailUrl":"https:\/\/rubautarres.com\/wp-content\/uploads\/2026\/04\/Rubau-Tarres_Macanet-de-la-Selva-01-003.jpg","datePublished":"2026-04-16T12:34:05+00:00","dateModified":"2026-04-16T12:36:47+00:00","description":"Ma\u00e7anet a ex\u00e9cut\u00e9 l'asphaltation de la rue des Pyr\u00e9n\u00e9es et d'autres voies du centre urbain","breadcrumb":{"@id":"https:\/\/rubautarres.com\/fr\/macanet-va-executar-asfaltatge\/#breadcrumb"},"inLanguage":"fr-FR","potentialAction":[{"@type":"ReadAction","target":["https:\/\/rubautarres.com\/fr\/macanet-va-executar-asfaltatge\/"]}]},{"@type":"ImageObject","inLanguage":"fr-FR","@id":"https:\/\/rubautarres.com\/fr\/macanet-va-executar-asfaltatge\/#primaryimage","url":"https:\/\/rubautarres.com\/wp-content\/uploads\/2026\/04\/Rubau-Tarres_Macanet-de-la-Selva-01-003.jpg","contentUrl":"https:\/\/rubautarres.com\/wp-content\/uploads\/2026\/04\/Rubau-Tarres_Macanet-de-la-Selva-01-003.jpg","width":2667,"height":1501,"caption":"Ma\u00e7anet va executar l\u2019asfaltatge"},{"@type":"BreadcrumbList","@id":"https:\/\/rubautarres.com\/fr\/macanet-va-executar-asfaltatge\/#breadcrumb","itemListElement":[{"@type":"ListItem","position":1,"name":"Portada","item":"https:\/\/rubautarres.com\/fr\/"},{"@type":"ListItem","position":2,"name":"Ma\u00e7anet a ex\u00e9cut\u00e9 l&#8217;asphaltation de la rue des Pyr\u00e9n\u00e9es et d&#8217;autres voies du centre urbain"}]},{"@type":"WebSite","@id":"https:\/\/rubautarres.com\/fr\/#website","url":"https:\/\/rubautarres.com\/fr\/","name":"Rubau Tarr\u00e8s","description":"Nosaltres constru\u00efm perqu\u00e8 tu avancis","publisher":{"@id":"https:\/\/rubautarres.com\/fr\/#organization"},"potentialAction":[{"@type":"SearchAction","target":{"@type":"EntryPoint","urlTemplate":"https:\/\/rubautarres.com\/fr\/?s={search_term_string}"},"query-input":{"@type":"PropertyValueSpecification","valueRequired":true,"valueName":"search_term_string"}}],"inLanguage":"fr-FR"},{"@type":"Organization","@id":"https:\/\/rubautarres.com\/fr\/#organization","name":"Rubau Tarr\u00e8s","url":"https:\/\/rubautarres.com\/fr\/","logo":{"@type":"ImageObject","inLanguage":"fr-FR","@id":"https:\/\/rubautarres.com\/fr\/#\/schema\/logo\/image\/","url":"https:\/\/rubautarres.com\/wp-content\/uploads\/2024\/06\/logo.png","contentUrl":"https:\/\/rubautarres.com\/wp-content\/uploads\/2024\/06\/logo.png","width":780,"height":144,"caption":"Rubau Tarr\u00e8s"},"image":{"@id":"https:\/\/rubautarres.com\/fr\/#\/schema\/logo\/image\/"},"sameAs":["https:\/\/www.facebook.com\/RubauTarresSAU","https:\/\/x.com\/rubautarres"]},{"@type":"Person","@id":"https:\/\/rubautarres.com\/fr\/#\/schema\/person\/aeb438778eb106386697397c9e198f22","name":"Brunet Publicitat","image":{"@type":"ImageObject","inLanguage":"fr-FR","@id":"https:\/\/secure.gravatar.com\/avatar\/543d9f6ea22d2f4c6aa04149a3f7284850ad1bddb4a843e6ec62dd7d6789aaa7?s=96&d=mm&r=g","url":"https:\/\/secure.gravatar.com\/avatar\/543d9f6ea22d2f4c6aa04149a3f7284850ad1bddb4a843e6ec62dd7d6789aaa7?s=96&d=mm&r=g","contentUrl":"https:\/\/secure.gravatar.com\/avatar\/543d9f6ea22d2f4c6aa04149a3f7284850ad1bddb4a843e6ec62dd7d6789aaa7?s=96&d=mm&r=g","caption":"Brunet Publicitat"}}]}},"_links":{"self":[{"href":"https:\/\/rubautarres.com\/fr\/wp-json\/wp\/v2\/posts\/4538","targetHints":{"allow":["GET"]}}],"collection":[{"href":"https:\/\/rubautarres.com\/fr\/wp-json\/wp\/v2\/posts"}],"about":[{"href":"https:\/\/rubautarres.com\/fr\/wp-json\/wp\/v2\/types\/post"}],"author":[{"embeddable":true,"href":"https:\/\/rubautarres.com\/fr\/wp-json\/wp\/v2\/users\/5"}],"replies":[{"embeddable":true,"href":"https:\/\/rubautarres.com\/fr\/wp-json\/wp\/v2\/comments?post=4538"}],"version-history":[{"count":2,"href":"https:\/\/rubautarres.com\/fr\/wp-json\/wp\/v2\/posts\/4538\/revisions"}],"predecessor-version":[{"id":4541,"href":"https:\/\/rubautarres.com\/fr\/wp-json\/wp\/v2\/posts\/4538\/revisions\/4541"}],"wp:featuredmedia":[{"embeddable":true,"href":"https:\/\/rubautarres.com\/fr\/wp-json\/wp\/v2\/media\/4533"}],"wp:attachment":[{"href":"https:\/\/rubautarres.com\/fr\/wp-json\/wp\/v2\/media?parent=4538"}],"wp:term":[{"taxonomy":"category","embeddable":true,"href":"https:\/\/rubautarres.com\/fr\/wp-json\/wp\/v2\/categories?post=4538"},{"taxonomy":"post_tag","embeddable":true,"href":"https:\/\/rubautarres.com\/fr\/wp-json\/wp\/v2\/tags?post=4538"}],"curies":[{"name":"wp","href":"https:\/\/api.w.org\/{rel}","templated":true}]}}